{"id":1116,"date":"2025-10-24T09:14:32","date_gmt":"2025-10-24T07:14:32","guid":{"rendered":"https:\/\/auftrab.eu\/index.php\/2025\/10\/24\/horst-becker-reiten-mit-system\/"},"modified":"2025-10-24T09:14:32","modified_gmt":"2025-10-24T07:14:32","slug":"horst-becker-reiten-mit-system","status":"publish","type":"post","link":"https:\/\/auftrab.eu\/index.php\/2025\/10\/24\/horst-becker-reiten-mit-system\/","title":{"rendered":"Horst Becker: Reiten mit System"},"content":{"rendered":"<audio class=\"wp-audio-shortcode\" id=\"audio-1116-1\" preload=\"none\" style=\"width: 100%;\" controls=\"controls\"><source type=\"audio\/mpeg\" src=\"https:\/\/anchor.fm\/s\/42ab62c8\/podcast\/play\/110072996\/https%3A%2F%2Fd3ctxlq1ktw2nl.cloudfront.net%2Fstaging%2F2025-9-22%2Ff1e1f10f-30ea-8034-cfb4-3cfe082cbdab.mp3?_=1\" \/><a href=\"https:\/\/anchor.fm\/s\/42ab62c8\/podcast\/play\/110072996\/https%3A%2F%2Fd3ctxlq1ktw2nl.cloudfront.net%2Fstaging%2F2025-9-22%2Ff1e1f10f-30ea-8034-cfb4-3cfe082cbdab.mp3\">https:\/\/anchor.fm\/s\/42ab62c8\/podcast\/play\/110072996\/https%3A%2F%2Fd3ctxlq1ktw2nl.cloudfront.net%2Fstaging%2F2025-9-22%2Ff1e1f10f-30ea-8034-cfb4-3cfe082cbdab.mp3<\/a><\/audio>\n<p><strong>Horst Becker kommt vom 31.10 bis 2.11. nach Schlosshof<\/strong><\/p>\n<p>Man kann sich nat\u00fcrlich von vielen Trainern und Reitprofis etwas abschauen. Es mache aber keinen Sinn, sich nur einzelne \u00dcbungen herauszupicken ohne das entsprechendeGrundger\u00fcst dazu zu beherrschen, appelliert @HorstBecker, Trainer f\u00fcr Klassische Dressur bei einem Ausbildungssystem zu bleiben. Pferdeausbildung funktioniere wie ein Parkhaus: Ebene f\u00fcr Ebene arbeitet man sich in die n\u00e4chste Etage mitdemselben Fahrstil hoch. Denn um sein Pferd nicht zu verwirren, sei es wichtig \u00a0klare und verst\u00e4ndliche Anweisungen zu geben. Ein Pferd k\u00f6nne nicht wie einen Hund aus einem Satz ein Wort herausfiltern, daher seien kurze, gleiche Kommandos so wichtig. <\/p>\n<p>Die k\u00f6nne man dem Pferd auch schon in der strukturierten Bodenarbeit erlernen, verr\u00e4t Horst einiges aus der \u201eTrickkiste\u201c des \u00a0Zirkusdirektors Fredy Knie. Man arbeite mit konsequenten Signalen, zum Beispiel \u201eho-ho\u201c als vorbereitende halbe Parade f\u00fcr \u00a0zur\u00fcck und \u00a0\u201eallez\u201c als vorbereitende halbe Parade f\u00fcr vorw\u00e4rts. So setzen sich auch alle Pferde in der Manege gleichzeitig in Bewegung.<\/p>\n<p>Bei \u00a0der klassischen Dressur st\u00fcnde immer das Wohlergehen des Pferdes im Mittelpunkt. Es gehe daher um einen systematische Aufbau\u00a0von\u00a0Beweglichkeit\u00a0und\u00a0Kraft. Wie man dabei genau vorgeht, dass verr\u00e4t Horst Becker in der aktuellen Folge von AUF TRAB, ebenso, was f\u00fcr die Winterarbeit besonders relevant ist. <\/p>\n<p>Wer \u00fcbrigens Horst Becker live erleben, oder auch Velvet und Dancer kennen lernen m\u00f6chte hat hierzu vor den Toren Wiens im Festschloss Schlosshof vom 31.10 bis 2.11.2025 die einmalige Gelegenheit. F\u00fcr den Dreitage-Kurs klassische Dressur sind die aktiven Teilnehmerpl\u00e4tze zwar leider schon ausgebucht.Es gibt aber noch Zuschauertickets ums25 pro Tag bzw. 50 Euro f\u00fcr alle drei Tage, inklusive Blickschulungsvortag am Freitag Abend.Der Schlosseintritt \u00a0&#8211; der Kurs findet im Schlossgel\u00e4nde statt &#8211; ist hier noch nicht inkludiert. Info und Buchung unter <a href=\"mailto:julia@auftrab.eu\">julia@auftrab.eu<\/a><\/p>\n<p>Viel H\u00f6rvergn\u00fcgen w\u00fcnschen Julia und ihre Welshies, die ihr sehr gerne unterst\u00fctzen k\u00f6nnt, indem ihr den Podcast liked, kommentiert, abonniert oder ihn weiterempfehlt. <\/p>\n<p>Musik- und Soundrechte: \u2060\u2060\u2060\u2060\u2060\u2060\u2060\u2060\u2060\u2060\u2060\u2060\u2060\u2060\u2060\u2060\u2060\u2060\u2060\u2060\u2060https:\/\/auftrab.eu\/index.php\/musik-und-soundrechte\/<\/p>\n<p>#Pferd #Schlosshof #KlassischeDressur #Unterricht #Blickschulung #R\u00fcckenschule #reiten #longieren #podcast<\/p>\n<p>Fotos: Horst Becker, Schlosshof<\/p>\n<p><strong>\u00a0<\/strong><\/p>\n","protected":false},"excerpt":{"rendered":"<p>Horst Becker kommt vom 31.10 bis 2.11. nach Schlosshof Man kann sich nat\u00fcrlich von vielen Trainern und Reitprofis etwas abschauen. Es mache aber keinen Sinn, sich nur einzelne \u00dcbungen herauszupicken ohne das entsprechendeGrundger\u00fcst dazu zu beherrschen, appelliert @HorstBecker, Trainer f\u00fcr Klassische Dressur bei einem Ausbildungssystem zu bleiben. Pferdeausbildung funktioniere wie ein Parkhaus: Ebene f\u00fcr Ebene [&hellip;]<\/p>\n","protected":false},"author":1,"featured_media":1117,"comment_status":"","ping_status":"","sticky":false,"template":"","format":"standard","meta":{"footnotes":""},"categories":[1],"tags":[],"class_list":["post-1116","post","type-post","status-publish","format-standard","has-post-thumbnail","hentry","category-allgemein","has-thumbnail"],"_links":{"self":[{"href":"https:\/\/auftrab.eu\/index.php\/wp-json\/wp\/v2\/posts\/1116","targetHints":{"allow":["GET"]}}],"collection":[{"href":"https:\/\/auftrab.eu\/index.php\/wp-json\/wp\/v2\/posts"}],"about":[{"href":"https:\/\/auftrab.eu\/index.php\/wp-json\/wp\/v2\/types\/post"}],"author":[{"embeddable":true,"href":"https:\/\/auftrab.eu\/index.php\/wp-json\/wp\/v2\/users\/1"}],"replies":[{"embeddable":true,"href":"https:\/\/auftrab.eu\/index.php\/wp-json\/wp\/v2\/comments?post=1116"}],"version-history":[{"count":0,"href":"https:\/\/auftrab.eu\/index.php\/wp-json\/wp\/v2\/posts\/1116\/revisions"}],"wp:featuredmedia":[{"embeddable":true,"href":"https:\/\/auftrab.eu\/index.php\/wp-json\/wp\/v2\/media\/1117"}],"wp:attachment":[{"href":"https:\/\/auftrab.eu\/index.php\/wp-json\/wp\/v2\/media?parent=1116"}],"wp:term":[{"taxonomy":"category","embeddable":true,"href":"https:\/\/auftrab.eu\/index.php\/wp-json\/wp\/v2\/categories?post=1116"},{"taxonomy":"post_tag","embeddable":true,"href":"https:\/\/auftrab.eu\/index.php\/wp-json\/wp\/v2\/tags?post=1116"}],"curies":[{"name":"wp","href":"https:\/\/api.w.org\/{rel}","templated":true}]}}