{"id":1145,"date":"2026-01-24T11:22:42","date_gmt":"2026-01-24T10:22:42","guid":{"rendered":"https:\/\/auftrab.eu\/index.php\/2026\/01\/24\/typische-fuetterungsfehler\/"},"modified":"2026-01-24T11:22:42","modified_gmt":"2026-01-24T10:22:42","slug":"typische-fuetterungsfehler","status":"publish","type":"post","link":"https:\/\/auftrab.eu\/index.php\/2026\/01\/24\/typische-fuetterungsfehler\/","title":{"rendered":"Typische F\u00fctterungsfehler"},"content":{"rendered":"<audio class=\"wp-audio-shortcode\" id=\"audio-1145-1\" preload=\"none\" style=\"width: 100%;\" controls=\"controls\"><source type=\"audio\/mpeg\" src=\"https:\/\/anchor.fm\/s\/42ab62c8\/podcast\/play\/114411090\/https%3A%2F%2Fd3ctxlq1ktw2nl.cloudfront.net%2Fstaging%2F2026-0-22%2F5c12ed09-efde-22bd-a885-c032858e42ba.mp3?_=1\" \/><a href=\"https:\/\/anchor.fm\/s\/42ab62c8\/podcast\/play\/114411090\/https%3A%2F%2Fd3ctxlq1ktw2nl.cloudfront.net%2Fstaging%2F2026-0-22%2F5c12ed09-efde-22bd-a885-c032858e42ba.mp3\">https:\/\/anchor.fm\/s\/42ab62c8\/podcast\/play\/114411090\/https%3A%2F%2Fd3ctxlq1ktw2nl.cloudfront.net%2Fstaging%2F2026-0-22%2F5c12ed09-efde-22bd-a885-c032858e42ba.mp3<\/a><\/audio>\n<p><strong>Gesundheit geht durch den Darm<\/strong><\/p>\n<p>F\u00fctterung ist mehr als seinem Pferd genug Kalorien zuzuf\u00fchren, betont \u00a0Anja Beifu\u00df, Miteigen\u00fcmerin undGesundheits-Coach des Futtermittelunternehmens HBD. Sie erkl\u00e4rt, warum viele Probleme bei Pferden (von Kotwasser, \u00fcber Exzeme, Sarkoide, Asthma bis hin zu Hufrehe)mit einer mangelhaften Versorgung mit Mineralien und einem gest\u00f6rten Dickdarm-Mikrobiom zusammenh\u00e4ngen k\u00f6nnen. Die\u00a0Artenvielfalt und Menge\u00a0\u201eguter\u201d Keime im Dickdarm seien entscheidend f\u00fcr die Verdauung, Immunfunktion undEntz\u00fcndungsprozesse.<\/p>\n<p>Statt die Symptome\u00a0 m\u00fcsse man die \u00a0Ursachen bek\u00e4mpfen, meint Anja Beifu\u00df. Daf\u00fcr sei ausreichend gutes Heu (zwei Kilo pro 100 Kg Gewicht) als Basis wichtig. Es fehle oftmals an Mineralstoffen, Spurenelementen und teilweis Eiweis. Auch sollte man nur selektiv entwurmen, da die Pr\u00e4parate das Mikrobiom st\u00f6ren und die Inhaltsstoffe in den vielen \u201ebunten Spezialfuttermitteln\u201d genauer studieren, bevor man die S\u00e4cke verf\u00fcttert. <\/p>\n<p>Vor allem aber sollte man dem Pferd Stress ersparen: Absetzen, Stall-\/Herdenwechsel, zu wenig Bewegung, Boxenhaltung, Schmerzen, zu kleine Fl\u00e4chen &#8211; \u00a0dieser Stress ver\u00e4ndert \u00fcber pH-Verschiebungen das Darmmilieu und schw\u00e4cht das Mikrobiom.<\/p>\n<p>Auch alte, oxidierte \u00d6le sind wertlos bis problematisch,daher k\u00f6nne man sich etwa teures Lein\u00f6l ersparen, weil man es in den seltensten F\u00e4llen frisch gepresst im Handel bekommt. Vitamin E spende jedes g\u00fcnstige \u00d6l in braunen Flaschen im Diskonter und hier m\u00fcssen man auf die Menge achten. Pferde haben keine Gallenblase um Fette zwischenzuspeichern!<\/p>\n<p>Wenn, je nach Rasse und Arbeit schon Getreide, dann Hafer und diesen bitte nicht schon gequetscht kaufen. Wenn man ihn nicht frisch quetscht, k\u00e4me nur ganzer Hafer in Frage. <\/p>\n<p>Weitere Futterhacks h\u00f6rt ihr in der aktuellen AUF TRAB-Podcast-Folge. Weitere F\u00fctterung-Tipps auf <\/p>\n<p><a href=\"http:\/\/www.hpd-agrar.de\" target=\"_blank\" rel=\"ugc noopener noreferrer\">http:\/\/www.hpd-agrar.de<\/a>. <\/p>\n<p>Anja Beifu\u00df gibt auch Futter-Workshops, den n\u00e4chsten am 21.2.2026\u00a0 in \u00d6sterreich im Schloss Rosenau\/Nieder\u00f6sterreichbei Parelli-Trainerin Elisabeth Musil. Info und Anmeldung unter <a href=\"mailto:elisabethgamusil@gmail.com\">elisabethgamusil@gmail.com<\/a><\/p>\n<p>Viel H\u00f6rvergn\u00fcgen w\u00fcnschen Julia und ihre Welshies, die sich freuen, wenn ihr diesen Podcast h\u00f6rt, liked, kommentiert und weiterempfehlt. <\/p>\n<p>Musik- und Soundrechte: \u2060\u2060\u2060\u2060\u2060\u2060\u2060\u2060\u2060\u2060\u2060\u2060\u2060\u2060\u2060\u2060\u2060\u2060\u2060\u2060\u2060https:\/\/auftrab.eu\/index.php\/musik-und-soundrechte\/#Futter #Gesundheit #Spurenelemente #Mineralien #Eiwei\u00df #Heu #Getreide #reiten #PocastFoto: HBD<\/p><\/p>\n","protected":false},"excerpt":{"rendered":"<p>Gesundheit geht durch den Darm F\u00fctterung ist mehr als seinem Pferd genug Kalorien zuzuf\u00fchren, betont \u00a0Anja Beifu\u00df, Miteigen\u00fcmerin undGesundheits-Coach des Futtermittelunternehmens HBD. Sie erkl\u00e4rt, warum viele Probleme bei Pferden (von Kotwasser, \u00fcber Exzeme, Sarkoide, Asthma bis hin zu Hufrehe)mit einer mangelhaften Versorgung mit Mineralien und einem gest\u00f6rten Dickdarm-Mikrobiom zusammenh\u00e4ngen k\u00f6nnen. Die\u00a0Artenvielfalt und Menge\u00a0\u201eguter\u201d Keime im [&hellip;]<\/p>\n","protected":false},"author":1,"featured_media":1146,"comment_status":"","ping_status":"","sticky":false,"template":"","format":"standard","meta":{"footnotes":""},"categories":[1],"tags":[],"class_list":["post-1145","post","type-post","status-publish","format-standard","has-post-thumbnail","hentry","category-allgemein","has-thumbnail"],"_links":{"self":[{"href":"https:\/\/auftrab.eu\/index.php\/wp-json\/wp\/v2\/posts\/1145","targetHints":{"allow":["GET"]}}],"collection":[{"href":"https:\/\/auftrab.eu\/index.php\/wp-json\/wp\/v2\/posts"}],"about":[{"href":"https:\/\/auftrab.eu\/index.php\/wp-json\/wp\/v2\/types\/post"}],"author":[{"embeddable":true,"href":"https:\/\/auftrab.eu\/index.php\/wp-json\/wp\/v2\/users\/1"}],"replies":[{"embeddable":true,"href":"https:\/\/auftrab.eu\/index.php\/wp-json\/wp\/v2\/comments?post=1145"}],"version-history":[{"count":0,"href":"https:\/\/auftrab.eu\/index.php\/wp-json\/wp\/v2\/posts\/1145\/revisions"}],"wp:featuredmedia":[{"embeddable":true,"href":"https:\/\/auftrab.eu\/index.php\/wp-json\/wp\/v2\/media\/1146"}],"wp:attachment":[{"href":"https:\/\/auftrab.eu\/index.php\/wp-json\/wp\/v2\/media?parent=1145"}],"wp:term":[{"taxonomy":"category","embeddable":true,"href":"https:\/\/auftrab.eu\/index.php\/wp-json\/wp\/v2\/categories?post=1145"},{"taxonomy":"post_tag","embeddable":true,"href":"https:\/\/auftrab.eu\/index.php\/wp-json\/wp\/v2\/tags?post=1145"}],"curies":[{"name":"wp","href":"https:\/\/api.w.org\/{rel}","templated":true}]}}