{"id":449,"date":"2022-01-23T14:19:32","date_gmt":"2022-01-23T13:19:32","guid":{"rendered":"https:\/\/auftrab.eu\/index.php\/2022\/01\/23\/abschied-nehmen-vom-besten-pferd-im-stall\/"},"modified":"2022-01-27T22:35:09","modified_gmt":"2022-01-27T21:35:09","slug":"abschied-nehmen-vom-besten-pferd-im-stall","status":"publish","type":"post","link":"https:\/\/auftrab.eu\/index.php\/2022\/01\/23\/abschied-nehmen-vom-besten-pferd-im-stall\/","title":{"rendered":"Abschied nehmen vom besten Pferd im Stall"},"content":{"rendered":"<audio class=\"wp-audio-shortcode\" id=\"audio-449-1\" preload=\"none\" style=\"width: 100%;\" controls=\"controls\"><source type=\"audio\/mpeg\" src=\"https:\/\/anchor.fm\/s\/42ab62c8\/podcast\/play\/46556760\/https%3A%2F%2Fd3ctxlq1ktw2nl.cloudfront.net%2Fstaging%2F2022-0-23%2F243890674-44100-2-2527c147b3df5.m4a?_=1\" \/><a href=\"https:\/\/anchor.fm\/s\/42ab62c8\/podcast\/play\/46556760\/https%3A%2F%2Fd3ctxlq1ktw2nl.cloudfront.net%2Fstaging%2F2022-0-23%2F243890674-44100-2-2527c147b3df5.m4a\">https:\/\/anchor.fm\/s\/42ab62c8\/podcast\/play\/46556760\/https%3A%2F%2Fd3ctxlq1ktw2nl.cloudfront.net%2Fstaging%2F2022-0-23%2F243890674-44100-2-2527c147b3df5.m4a<\/a><\/audio>\n<p><span style=\"color: #000000;\">So sch\u00f6n f\u00fcr mich das Jahr gestartet hat, so traurig hat es f\u00fcr meinen Podcast-Gast begonnen. Denn der Abschied von seinem alles geliebten Vierbeiner tut immer schrecklich weh. Er fordert einem viel ab, wie ich leider auch schon bei meinem ersten Pferd Orlando erfahren musste. Unter anderem Verantwortung und es braucht Vorkehrungen, soweit man sich auf den Tod eine geliebten Vier- wie Zweibeiners vorbereiten kann. Parelli-Instruktorin Elisabeth Musil berichtet von ihren j\u00fcngsten traurigen Verlust ihres alten B\u00e4rs, um allen Pferdefreund:innen, die vor einer \u00e4hnlichen Entscheidung entstehen, viel Trost und Tipps f\u00fcr die Vorbereitung und die anschlie\u00dfende Trauerarbeit zu geben.<\/span><\/p>\n<p><span style=\"color: #000000;\">Wer sich \u00fcbrigens nicht vorstellen m\u00f6chte, dass sein treuer Freund zu Schmierfett, D\u00fcnger oder Tiermehl verarbeitet wird, der kann sein Pferd auch in f\u00fcr Gro\u00dftiere spezialisierte Tierkrematorien ein\u00e4schern lassen. In Deutschland ist es das Tierkrematorium Dank&amp;Treu in Schw\u00e4bisch Hall (<a style=\"color: #000000;\" href=\"http:\/\/www.dankundtreu.de\/\">www.dankundtreu.de<\/a>). Sie bieten sogar digitale Gedenkseien an. In \u00d6sterreich ist es ein entsprechendes Krematorium in Lebring bei St. Magarethen in der Steiermark (<a style=\"color: #000000;\" href=\"http:\/\/www.tierkrematorium.at\/\">www.tierkrematorium.at<\/a>).<\/span><\/p>\n<p><span style=\"color: #000000;\">Die Tierkrematorien, aber auch Firmen wie <a style=\"color: #000000;\" href=\"http:\/\/www.mevisto.com\/\">www.mevisto.com<\/a>sind auch darauf spezialisiert Erinnerungsst\u00fccke aus Haaren und Asche zu machen.<\/span><\/p>\n<p><span style=\"color: #000000;\">Was ich Euch nur ans Herz legen m\u00f6chte. Ihr wisst am Besten, wie es mit eurem alten Freund bestellt ist. Deshalb habt IHR die Verantwortung und IHR alleine entscheidet, ob ihr euren langj\u00e4hrigen Parnter erl\u00f6st oder nicht \u2013 nicht die Stall-Community oder selbsternannte ExpertInnen. Ich habe mich von Freunden und Fachleuten, die es nat\u00fcrlich auch nur gut meinten, \u00fcberreden lassen, meinen armen totkranken, schwachen, 29-j\u00e4hrigen Orli noch mit dem H\u00e4nger mit Schmerzen in die Vetmed zu zerren, wo er doch den H\u00e4nger gehasst hat. Dabei war mir klar, dass er das wohl nicht \u00fcberleben wird. Von einer OP des pl\u00f6tzlichen Geschw\u00fclst hatte man mir dann Gott sei Dank abgeraten. Ja und dann?<\/span><\/p>\n<p><span style=\"color: #000000;\">\u201eWenn die Sonne des Lebens untergeht,<em><br \/>\n<\/em>leuchten die Sterne der Erinnerung.\u201c<\/span><\/p>\n<p><span style=\"color: #000000;\">Liebe Hypomaniac, vielen Dank, dass Ihr den Pferdepodcast AUF TRAB so zahlreich unterst\u00fctzt: der in der Vorwoche alle Rekorde bei den H\u00f6rerinnenzahlen gebrochen hat: Aktueller Stand \u00fcber 3500 Aufrufe auf YouTube, dazu mehrere hundert H\u00f6rer:Innen auf den Podcastplattformen. Vielen, vielen herzlichen Dank daf\u00fcr! Die letzte Folge war auch eine ganz besondere, die PFERDCOUCH mit meinem Co-Host Michael Geitner und den prominenten G\u00e4sten, Grand Prix-Dressur-Reiterin Britta Sch\u00f6ffmann und mit Horst Becker, bekannt f\u00fcr seine Freiheits- und klassische Dressur. Aus gegebenen Anlass wegen Vorw\u00fcrfen gegen\u00fcber dem Trainingsstall Ludger Beerbaum ging es um Brutalit\u00e4t im Reitsport. Die Pferdecouch ist schon bald wieder Auf TRAB, das verspreche ich Euch!<\/span><\/p>\n<p><span style=\"color: #000000;\">Und wenn Euch diese tieftraurige Podcastfolge AUF TRAB tr\u00f6sten sollte , die einfach zum Pferdeleben geh\u00f6rt wie eine fr\u00fchere Folge mit Vetmed-Professorin Christine Aurich \u00fcber den Traum vom eigenen Fohlen , dann w\u00fcrde ich mich freuen, wenn ihr n\u00e4chsten Samstag wieder auf TRAB seid und den Podcast weiterempfiehlt. Wenn ihr wollt k\u00f6nnt ihr meinen Pferde-Podcast auch unterst\u00fctzen, indem ihr bis zum 2. Februar beim \u00d63-Podcast-Award 2022 f\u00fcr AUF TRAB votet:<\/span><\/p>\n<p><span style=\"color: #000000;\">https:\/\/oe3.orf.at\/podcastaward\/stories\/3020908\/<\/span><\/p>\n<p><span style=\"color: #000000;\">Vielen herzlichen Dank und noch viele gemeinsame Stunden mit Euren Vierbeinern w\u00fcnscht Euch Auf Trab-Podcasthost Julia Kistner<\/span><\/p>\n<p><span style=\"color: #000000;\">Musik- und Soundrechte: https:\/\/auftrab.eu\/index.php\/musik-und-soundrechte\/<\/span><\/p>\n<p><span style=\"color: #000000;\">#Pferde #Tod #ElisabethMusil#Parelli #einschl\u00e4fern #Tierarzt #reiten #Bewegung #Z\u00e4hne #Futter #\u00d63PodcastAward #Pferdecouch #Geitner #Tierkrematorium #Saria #Vetmed #DankundTreu #Mevisto.de #Abschied #Trauer #Tierverwertung<\/span><\/p>\n","protected":false},"excerpt":{"rendered":"<p>So sch\u00f6n f\u00fcr mich das Jahr gestartet hat, so traurig hat es f\u00fcr meinen Podcast-Gast begonnen. Denn der Abschied von seinem alles geliebten Vierbeiner tut immer schrecklich weh. Er fordert einem viel ab, wie ich leider auch schon bei meinem ersten Pferd Orlando erfahren musste. Unter anderem Verantwortung und es braucht Vorkehrungen, soweit man sich [&hellip;]<\/p>\n","protected":false},"author":1,"featured_media":438,"comment_status":"closed","ping_status":"closed","sticky":false,"template":"","format":"standard","meta":{"footnotes":""},"categories":[1],"tags":[],"class_list":["post-449","post","type-post","status-publish","format-standard","has-post-thumbnail","hentry","category-allgemein","has-thumbnail"],"_links":{"self":[{"href":"https:\/\/auftrab.eu\/index.php\/wp-json\/wp\/v2\/posts\/449","targetHints":{"allow":["GET"]}}],"collection":[{"href":"https:\/\/auftrab.eu\/index.php\/wp-json\/wp\/v2\/posts"}],"about":[{"href":"https:\/\/auftrab.eu\/index.php\/wp-json\/wp\/v2\/types\/post"}],"author":[{"embeddable":true,"href":"https:\/\/auftrab.eu\/index.php\/wp-json\/wp\/v2\/users\/1"}],"replies":[{"embeddable":true,"href":"https:\/\/auftrab.eu\/index.php\/wp-json\/wp\/v2\/comments?post=449"}],"version-history":[{"count":2,"href":"https:\/\/auftrab.eu\/index.php\/wp-json\/wp\/v2\/posts\/449\/revisions"}],"predecessor-version":[{"id":572,"href":"https:\/\/auftrab.eu\/index.php\/wp-json\/wp\/v2\/posts\/449\/revisions\/572"}],"wp:featuredmedia":[{"embeddable":true,"href":"https:\/\/auftrab.eu\/index.php\/wp-json\/wp\/v2\/media\/438"}],"wp:attachment":[{"href":"https:\/\/auftrab.eu\/index.php\/wp-json\/wp\/v2\/media?parent=449"}],"wp:term":[{"taxonomy":"category","embeddable":true,"href":"https:\/\/auftrab.eu\/index.php\/wp-json\/wp\/v2\/categories?post=449"},{"taxonomy":"post_tag","embeddable":true,"href":"https:\/\/auftrab.eu\/index.php\/wp-json\/wp\/v2\/tags?post=449"}],"curies":[{"name":"wp","href":"https:\/\/api.w.org\/{rel}","templated":true}]}}