{"id":453,"date":"2021-12-25T15:03:56","date_gmt":"2021-12-25T14:03:56","guid":{"rendered":"https:\/\/auftrab.eu\/index.php\/2021\/12\/25\/beruehrende-pferde-weihnachten\/"},"modified":"2021-12-25T15:03:56","modified_gmt":"2021-12-25T14:03:56","slug":"beruehrende-pferde-weihnachten","status":"publish","type":"post","link":"https:\/\/auftrab.eu\/index.php\/2021\/12\/25\/beruehrende-pferde-weihnachten\/","title":{"rendered":"Ber\u00fchrende Pferde-Weihnachten"},"content":{"rendered":"<audio class=\"wp-audio-shortcode\" id=\"audio-453-1\" preload=\"none\" style=\"width: 100%;\" controls=\"controls\"><source type=\"audio\/mpeg\" src=\"https:\/\/anchor.fm\/s\/42ab62c8\/podcast\/play\/45312355\/https%3A%2F%2Fd3ctxlq1ktw2nl.cloudfront.net%2Fstaging%2F2021-11-25%2F239408413-44100-2-b16c9caeef8b5.m4a?_=1\" \/><a href=\"https:\/\/anchor.fm\/s\/42ab62c8\/podcast\/play\/45312355\/https%3A%2F%2Fd3ctxlq1ktw2nl.cloudfront.net%2Fstaging%2F2021-11-25%2F239408413-44100-2-b16c9caeef8b5.m4a\">https:\/\/anchor.fm\/s\/42ab62c8\/podcast\/play\/45312355\/https%3A%2F%2Fd3ctxlq1ktw2nl.cloudfront.net%2Fstaging%2F2021-11-25%2F239408413-44100-2-b16c9caeef8b5.m4a<\/a><\/audio>\n<p>Jeder von Euch hat bestimmt seine eigene sch\u00f6ne Pferde-Weihnachtsgeschichte. Meine geschah 2014, als mir mein liebster Zweibeiner Hannes eine Helmkamera zu Weihnachten geschenkt hat und ich sie sofort mit meiner Welshcob-Mama Tessa und ihres damals dreij\u00e4hrigen Fohlens Velvet im Gel\u00e4nde testen wollte. Wir galoppierten auf einer langen Wiese vor uns hin. Velvet rannte frei neben uns, entfernte sich, kam dann immer wieder vor Freude im gestreckten Galopp auf uns zu. Ich dachte nur an die spektakul\u00e4ren Kamerabilder und lehnte mich im Galopp immer weiter nach rechts, damit ich Velvet auch im Bild habe, wenn sie sich uns n\u00e4herte. Womit ich nicht rechnete war ein Hase in der Wiese der kurz vor Tessa Hufen erst aufsprang, so dass Tessa einen gro\u00dfen Sprung machte musste, um nicht zu treffen. Ich, viel zu weit rechts im Sattel h\u00e4ngend und auf die Aufnahme konzentriert lag schneller als ich reagieren konnte auf dem weichen, weil noch nicht gefrorenen Boden. Velvet, schon einige Spr\u00fcnge weitergaloppiert, dreht sofort zu mir um, um nachzuschauen ob mir etwas passiert ist. Ich streichelte sie, nahm sie am Halfter und stackste mit ihr in Richtung Tessa, die wie in Stein gemeiselt ca. in 300 Meter Entfernung da stand, in unsere Richtung schaute und mit ihrem unschuldigen Blick mir zum Ausdruck bringen wollte: \u201eIch? Ich war\u00b4s nicht!\u201c Und sie war\u00b4s wirklich nicht. Ich bin wieder aufgestiegen und wir drei sind beseelt, ohne Kameraaufnahme, daf\u00fcr die Bilder noch heute im Kopf, weitergaloppiert und ich war sehr stolz und happy \u00fcber meine braven Vierbeiner. Diesen speziellen Weihnachtsritt habe ich, wie gesagt, bis kurz nach dem Sturz aufgezeichnet. Das Video findet ihr auf YouTube auf dem Auf Trab-Kanal:<\/p>\n<p><a href=\"https:\/\/youtu.be\/TYpgFvRw_Fg\">https:\/\/youtu.be\/TYpgFvRw_Fg<\/a> Ich w\u00fcnsche Euch sch\u00f6ne Unterhaltung!<\/p>\n<p>Eine noch viel ber\u00fchrende Weihnachtgeschichte hat meine 81-\u00e4hrige Reitersfreundin Ursula Winkler geschrieben und mir &#8211; zu Gast Auf Trab &#8211; auch pers\u00f6nlich vorgetragen. Die m\u00f6chte ich Euch nicht vorenthalten Haltet schon mal Eure Taschent\u00fccher parat. Um Euch vorweg zu tr\u00f6sten: Die Geschichte ist nicht die ihre 31-j\u00e4hrigen Isl\u00e4nders. Sie sei ihr einfach so eingefallen. Viel Vergn\u00fcgen und danach tief durchatmen und das Leben mit Euren vierbeinigen Freunden genie\u00dfen.<\/p>\n<p>Einen guten Ritt ins neue Jahr w\u00fcnschen Euch Julia und Ihre Welshies Tessa, Velvet und Dancer, die sich sehr freuen w\u00fcrden, wenn ihr 2022 weiterhin auf Trab bleibt.<\/p>\n<p>Musik- und Soundrechte: https:\/\/auftrab.eu\/index.php\/musik-und-soundrechte\/<\/p>\n<p>#Pferde #Pferdeweihnachten #Pferdevertrauen #Pferdebeziehung #Ursula_Winkler #Velvet #Auf_Trab #Weihnachtsgeschichte #traurig<\/p>\n","protected":false},"excerpt":{"rendered":"<p>Jeder von Euch hat bestimmt seine eigene sch\u00f6ne Pferde-Weihnachtsgeschichte. Meine geschah 2014, als mir mein liebster Zweibeiner Hannes eine Helmkamera zu Weihnachten geschenkt hat und ich sie sofort mit meiner Welshcob-Mama Tessa und ihres damals dreij\u00e4hrigen Fohlens Velvet im Gel\u00e4nde testen wollte. Wir galoppierten auf einer langen Wiese vor uns hin. Velvet rannte frei neben [&hellip;]<\/p>\n","protected":false},"author":1,"featured_media":418,"comment_status":"","ping_status":"","sticky":false,"template":"","format":"standard","meta":{"footnotes":""},"categories":[1],"tags":[],"class_list":["post-453","post","type-post","status-publish","format-standard","has-post-thumbnail","hentry","category-allgemein","has-thumbnail"],"_links":{"self":[{"href":"https:\/\/auftrab.eu\/index.php\/wp-json\/wp\/v2\/posts\/453","targetHints":{"allow":["GET"]}}],"collection":[{"href":"https:\/\/auftrab.eu\/index.php\/wp-json\/wp\/v2\/posts"}],"about":[{"href":"https:\/\/auftrab.eu\/index.php\/wp-json\/wp\/v2\/types\/post"}],"author":[{"embeddable":true,"href":"https:\/\/auftrab.eu\/index.php\/wp-json\/wp\/v2\/users\/1"}],"replies":[{"embeddable":true,"href":"https:\/\/auftrab.eu\/index.php\/wp-json\/wp\/v2\/comments?post=453"}],"version-history":[{"count":0,"href":"https:\/\/auftrab.eu\/index.php\/wp-json\/wp\/v2\/posts\/453\/revisions"}],"wp:featuredmedia":[{"embeddable":true,"href":"https:\/\/auftrab.eu\/index.php\/wp-json\/wp\/v2\/media\/418"}],"wp:attachment":[{"href":"https:\/\/auftrab.eu\/index.php\/wp-json\/wp\/v2\/media?parent=453"}],"wp:term":[{"taxonomy":"category","embeddable":true,"href":"https:\/\/auftrab.eu\/index.php\/wp-json\/wp\/v2\/categories?post=453"},{"taxonomy":"post_tag","embeddable":true,"href":"https:\/\/auftrab.eu\/index.php\/wp-json\/wp\/v2\/tags?post=453"}],"curies":[{"name":"wp","href":"https:\/\/api.w.org\/{rel}","templated":true}]}}