{"id":482,"date":"2021-06-05T06:00:00","date_gmt":"2021-06-05T04:00:00","guid":{"rendered":"https:\/\/auftrab.eu\/index.php\/2021\/06\/05\/muli-auf-trab\/"},"modified":"2021-06-05T06:00:00","modified_gmt":"2021-06-05T04:00:00","slug":"muli-auf-trab","status":"publish","type":"post","link":"https:\/\/auftrab.eu\/index.php\/2021\/06\/05\/muli-auf-trab\/","title":{"rendered":"Muli auf Trab"},"content":{"rendered":"<audio class=\"wp-audio-shortcode\" id=\"audio-482-1\" preload=\"none\" style=\"width: 100%;\" controls=\"controls\"><source type=\"audio\/mpeg\" src=\"https:\/\/anchor.fm\/s\/42ab62c8\/podcast\/play\/34757649\/https%3A%2F%2Fd3ctxlq1ktw2nl.cloudfront.net%2Fstaging%2F2021-5-3%2F193064288-44100-2-539a7232d2f61.m4a?_=1\" \/><a href=\"https:\/\/anchor.fm\/s\/42ab62c8\/podcast\/play\/34757649\/https%3A%2F%2Fd3ctxlq1ktw2nl.cloudfront.net%2Fstaging%2F2021-5-3%2F193064288-44100-2-539a7232d2f61.m4a\">https:\/\/anchor.fm\/s\/42ab62c8\/podcast\/play\/34757649\/https%3A%2F%2Fd3ctxlq1ktw2nl.cloudfront.net%2Fstaging%2F2021-5-3%2F193064288-44100-2-539a7232d2f61.m4a<\/a><\/audio>\n<p>Tessa, Velvet, Dancer und ich haben diesmal eine ausgesprochene Maultierexpertin zu Gast: Tanja Schwarz. Anfang des Jahres hatten wir die #Barockesel aus #Schlosshof mit Katharina Tschann auf Sendung \u2013 es lohnt sich die Folge nachzuh\u00f6ren, weil sie ja auch ein Teil des Maultiers sind. Warum diese besondere Mischung aus Esel und Pferde in der Freizeitreiterei immer beliebter werden, erkundigten wir uns bei Tanja Schwarz und ihrem Muli Feivel. Feivel, Tanja und ihren Block findet ihr \u00fcbrigens am Besten in Facebook unter #Feivel der Muliwanderer.<\/p>\n<p>Ja, wenn Euch diese Podcastfolge gefallen hat, dann w\u00fcrden wir uns freuen, wenn ihr den Podcast Auf Trab kostenlos abonniert oder uns vielleicht sogar auf Apple Podcast bewertet. Den Podcast-Auftrab k\u00f6nnt ihr \u00fcberall h\u00f6ren, wo es Podcasts gibt, also auf Apple und Google Podcast, auf Spotify, Anchor und Overcast oder ihr klickt auf die Story unseres Instagram-Account AUF Trab <em><strong>oder<\/strong><\/em> ihre geht auf unsere Webseite <a href=\"http:\/\/www.auftrab.eu\/\">www.auftrab.eu<\/a>.<\/p>\n<p>Auf alle F\u00e4lle bleibt auf Trab, bis n\u00e4chsten Samstag Eure Welshies Tessa, Velvet und Dancer, Eure Julia Kistner.<\/p>\n<p>Last but not least m\u00f6chten wir uns nochmals herzlich bei Euch allen bedanken f\u00fcr das gro\u00dfartige Feedback auf die letzte Folge \u201eDie Rechte der Aus- und #Wanderreiter\u201c mit Rechtsanw\u00e4ltin Nina #Ollinger. Auf mehrfachen Wunsch und allgemeiner Verwunderung \u00fcber die restriktiven Reitrechte in unseren W\u00e4ldern habe ich f\u00fcr Euch Frau Dr. Ollinger nochmals gefragt, ob man tats\u00e4chlich nur mit Zustimmung Forststra\u00dfen bereiten darf. Ihre klare und ern\u00fcchternde Antwort lautet: Ja. Auf Forstwegen darf in \u00d6sterreich (leider) nur dann geritten werden, wenn der Eigent\u00fcmer oder Forststra\u00dfenerhalter das erlaubt. Erlaubnis wird erteilt durch Schilder, Reitwegenetz, Gemeindeverordnung, schriftlichen Vertrag, m\u00fcndliche Zustimmung\u2026 oftmals auch durch direkte Vereinbarung zwischen Reitstallbetreiber und Waldbesitzer.<\/p>\n<p>Und im Voraus galoppierenden Gehorsam hier noch der Disclaimer. Dieser Podcast enth\u00e4lt am Ende Produktplatzierungen von www.baeralis.de \u2013 Hydrogel und Desinfektionsspray, das Dancer \u2013 schon angewendet \u2013 w\u00e4rmstens weiterempfehlen kann. Anfragen, Beschwerden und W\u00fcnsche an <a href=\"mailto:julia@auftrab.eu\">julia@auftrab.eu<\/a><\/p>\n<p><a href=\"https:\/\/auftrab.eu\/index.php\/musik-und-soundrechte\/\">Musik- und Soundrechte<\/a>: <a href=\"https:\/\/auftrab.eu\/index.php\/musik-und-soundrechte\/\">https:\/\/auftrab.eu\/index.php\/musik-und-soundrechte\/<\/a><\/p>\n","protected":false},"excerpt":{"rendered":"<p>Tessa, Velvet, Dancer und ich haben diesmal eine ausgesprochene Maultierexpertin zu Gast: Tanja Schwarz. Anfang des Jahres hatten wir die #Barockesel aus #Schlosshof mit Katharina Tschann auf Sendung \u2013 es lohnt sich die Folge nachzuh\u00f6ren, weil sie ja auch ein Teil des Maultiers sind. Warum diese besondere Mischung aus Esel und Pferde in der Freizeitreiterei [&hellip;]<\/p>\n","protected":false},"author":1,"featured_media":519,"comment_status":"","ping_status":"","sticky":false,"template":"","format":"standard","meta":{"footnotes":""},"categories":[1],"tags":[],"class_list":["post-482","post","type-post","status-publish","format-standard","has-post-thumbnail","hentry","category-allgemein","has-thumbnail"],"_links":{"self":[{"href":"https:\/\/auftrab.eu\/index.php\/wp-json\/wp\/v2\/posts\/482","targetHints":{"allow":["GET"]}}],"collection":[{"href":"https:\/\/auftrab.eu\/index.php\/wp-json\/wp\/v2\/posts"}],"about":[{"href":"https:\/\/auftrab.eu\/index.php\/wp-json\/wp\/v2\/types\/post"}],"author":[{"embeddable":true,"href":"https:\/\/auftrab.eu\/index.php\/wp-json\/wp\/v2\/users\/1"}],"replies":[{"embeddable":true,"href":"https:\/\/auftrab.eu\/index.php\/wp-json\/wp\/v2\/comments?post=482"}],"version-history":[{"count":0,"href":"https:\/\/auftrab.eu\/index.php\/wp-json\/wp\/v2\/posts\/482\/revisions"}],"wp:featuredmedia":[{"embeddable":true,"href":"https:\/\/auftrab.eu\/index.php\/wp-json\/wp\/v2\/media\/519"}],"wp:attachment":[{"href":"https:\/\/auftrab.eu\/index.php\/wp-json\/wp\/v2\/media?parent=482"}],"wp:term":[{"taxonomy":"category","embeddable":true,"href":"https:\/\/auftrab.eu\/index.php\/wp-json\/wp\/v2\/categories?post=482"},{"taxonomy":"post_tag","embeddable":true,"href":"https:\/\/auftrab.eu\/index.php\/wp-json\/wp\/v2\/tags?post=482"}],"curies":[{"name":"wp","href":"https:\/\/api.w.org\/{rel}","templated":true}]}}