{"id":489,"date":"2021-04-17T22:00:00","date_gmt":"2021-04-17T20:00:00","guid":{"rendered":"https:\/\/auftrab.eu\/index.php\/2021\/04\/17\/interview-mit-klaus-hempfling-der-mit-den-pferden-tanzt\/"},"modified":"2021-04-17T22:00:00","modified_gmt":"2021-04-17T20:00:00","slug":"interview-mit-klaus-hempfling-der-mit-den-pferden-tanzt","status":"publish","type":"post","link":"https:\/\/auftrab.eu\/index.php\/2021\/04\/17\/interview-mit-klaus-hempfling-der-mit-den-pferden-tanzt\/","title":{"rendered":"Interview mit Klaus Hempfling &#8211; Der mit den Pferden tanzt"},"content":{"rendered":"<audio class=\"wp-audio-shortcode\" id=\"audio-489-1\" preload=\"none\" style=\"width: 100%;\" controls=\"controls\"><source type=\"audio\/mpeg\" src=\"https:\/\/anchor.fm\/s\/42ab62c8\/podcast\/play\/31622472\/https%3A%2F%2Fd3ctxlq1ktw2nl.cloudfront.net%2Fstaging%2F2021-3-17%2F176676381-44100-2-b819199096059.m4a?_=1\" \/><a href=\"https:\/\/anchor.fm\/s\/42ab62c8\/podcast\/play\/31622472\/https%3A%2F%2Fd3ctxlq1ktw2nl.cloudfront.net%2Fstaging%2F2021-3-17%2F176676381-44100-2-b819199096059.m4a\">https:\/\/anchor.fm\/s\/42ab62c8\/podcast\/play\/31622472\/https%3A%2F%2Fd3ctxlq1ktw2nl.cloudfront.net%2Fstaging%2F2021-3-17%2F176676381-44100-2-b819199096059.m4a<\/a><\/audio>\n<p>Auf TRAB zu Gast ist diesmal der <strong>Pferdek\u00f6nig <\/strong>KFH. <strong>Klaus Ferdinand Hempfling<\/strong>, dessen Besteller Mit den Pferden tanzen in \u00fcber 20 Sprachen \u00fcbersetzt wurde und dessen Videos millionenfach anklickt wurden. Der Gewalt abschw\u00f6rt, das Pferd am lockeren Z\u00fcgel versammelt, die Distanz zu Pferden h\u00e4lt und sie bedingungslos liebt. Neugierig? Na dann h\u00f6rt mal rein!<\/p>\n<p>Hempfling arbeitet an seinem f\u00fcnften Buch \u201eWahre Reitkunst&#8220;, das in den n\u00e4chsten Monaten herauskommen soll. Mehr zum Pferdek\u00f6nig auf www.hempfling.com. Dort findest Du faszinierende Videoclips wie <a href=\"https:\/\/www.youtube.com\/watch?v=FL2RBvfPhZo\">https:\/\/www.youtube.com\/watch?v=FL2RBvfPhZo<\/a><\/p>\n<p>Beeindruckende Fotos von Klaus Hempfling findest Du auf unserem Instagram-Account <a href=\"https:\/\/www.instagram.com\/auftrab\/\">@auftrab<\/a>.<\/p>\n<p>Also bleibt auf TRAB! Eure Welshies, Eure Julia Kistner<\/p>\n<p><\/p>\n<p><a href=\"https:\/\/auftrab.eu\/index.php\/musik-und-soundrechte\/\">Musik- und Soundrechte<\/a>: <a href=\"https:\/\/auftrab.eu\/index.php\/musik-und-soundrechte\/\">https:\/\/auftrab.eu\/index.php\/musik-und-soundrechte\/<\/a><\/p>\n<p><\/p>\n","protected":false},"excerpt":{"rendered":"<p>Auf TRAB zu Gast ist diesmal der Pferdek\u00f6nig KFH. Klaus Ferdinand Hempfling, dessen Besteller Mit den Pferden tanzen in \u00fcber 20 Sprachen \u00fcbersetzt wurde und dessen Videos millionenfach anklickt wurden. Der Gewalt abschw\u00f6rt, das Pferd am lockeren Z\u00fcgel versammelt, die Distanz zu Pferden h\u00e4lt und sie bedingungslos liebt. Neugierig? Na dann h\u00f6rt mal rein! Hempfling [&hellip;]<\/p>\n","protected":false},"author":1,"featured_media":519,"comment_status":"","ping_status":"","sticky":false,"template":"","format":"standard","meta":{"footnotes":""},"categories":[1],"tags":[],"class_list":["post-489","post","type-post","status-publish","format-standard","has-post-thumbnail","hentry","category-allgemein","has-thumbnail"],"_links":{"self":[{"href":"https:\/\/auftrab.eu\/index.php\/wp-json\/wp\/v2\/posts\/489","targetHints":{"allow":["GET"]}}],"collection":[{"href":"https:\/\/auftrab.eu\/index.php\/wp-json\/wp\/v2\/posts"}],"about":[{"href":"https:\/\/auftrab.eu\/index.php\/wp-json\/wp\/v2\/types\/post"}],"author":[{"embeddable":true,"href":"https:\/\/auftrab.eu\/index.php\/wp-json\/wp\/v2\/users\/1"}],"replies":[{"embeddable":true,"href":"https:\/\/auftrab.eu\/index.php\/wp-json\/wp\/v2\/comments?post=489"}],"version-history":[{"count":0,"href":"https:\/\/auftrab.eu\/index.php\/wp-json\/wp\/v2\/posts\/489\/revisions"}],"wp:featuredmedia":[{"embeddable":true,"href":"https:\/\/auftrab.eu\/index.php\/wp-json\/wp\/v2\/media\/519"}],"wp:attachment":[{"href":"https:\/\/auftrab.eu\/index.php\/wp-json\/wp\/v2\/media?parent=489"}],"wp:term":[{"taxonomy":"category","embeddable":true,"href":"https:\/\/auftrab.eu\/index.php\/wp-json\/wp\/v2\/categories?post=489"},{"taxonomy":"post_tag","embeddable":true,"href":"https:\/\/auftrab.eu\/index.php\/wp-json\/wp\/v2\/tags?post=489"}],"curies":[{"name":"wp","href":"https:\/\/api.w.org\/{rel}","templated":true}]}}