{"id":500,"date":"2021-01-30T23:22:14","date_gmt":"2021-01-30T22:22:14","guid":{"rendered":"https:\/\/auftrab.eu\/index.php\/2021\/01\/30\/esel-als-stallgenossen\/"},"modified":"2021-01-30T23:22:14","modified_gmt":"2021-01-30T22:22:14","slug":"esel-als-stallgenossen","status":"publish","type":"post","link":"https:\/\/auftrab.eu\/index.php\/2021\/01\/30\/esel-als-stallgenossen\/","title":{"rendered":"Esel als Stallgenossen"},"content":{"rendered":"<audio class=\"wp-audio-shortcode\" id=\"audio-500-1\" preload=\"none\" style=\"width: 100%;\" controls=\"controls\"><source type=\"audio\/mpeg\" src=\"https:\/\/anchor.fm\/s\/42ab62c8\/podcast\/play\/25970942\/https%3A%2F%2Fd3ctxlq1ktw2nl.cloudfront.net%2Fstaging%2F2021-0-30%2F150468285-44100-2-06028a7d1085.m4a?_=1\" \/><a href=\"https:\/\/anchor.fm\/s\/42ab62c8\/podcast\/play\/25970942\/https%3A%2F%2Fd3ctxlq1ktw2nl.cloudfront.net%2Fstaging%2F2021-0-30%2F150468285-44100-2-06028a7d1085.m4a\">https:\/\/anchor.fm\/s\/42ab62c8\/podcast\/play\/25970942\/https%3A%2F%2Fd3ctxlq1ktw2nl.cloudfront.net%2Fstaging%2F2021-0-30%2F150468285-44100-2-06028a7d1085.m4a<\/a><\/audio>\n<p>Die wunderbare Welt der wei\u00dfen Esel &#8211; gibt es die wirklich? Sind Esel wirklich so dumm und sind sie geeignete Stallgenossen f\u00fcr Pferde?<\/p>\n<p>Auf Trab zu Gast Mag. Katharina Tschann, Pr\u00e4sidentin des Verein zur Erhaltung der Wei\u00dfen Barockesel.<\/p>\n<p>Wer die s\u00fc\u00dfen Langohren n\u00e4her kennenlernen m\u00f6chte erreicht Katharina \u00fcber <a href=\"https:\/\/www.weisse-barockesel.at\">www.weisse-barockesel.at<\/a> und auf Instagram\/Auf Trab.<\/p>\n<p>In diesem Sinne, bleib auf Trab und halte Deine Ohren wie die Esel steif! <\/p>\n<p>Deine Welshies Tessa, Velvet, Dancer, Deine Julia Kistner<\/p>\n<p>Ps: Besuche uns auch mal auf <a href=\"https:\/\/www.auftrab.eu\">www.auftrab.eu<\/a><\/p>\n<p><\/p>\n<p>Royalty Free Musik- und Soundrechte :<br \/>\nPferdewiehern, Horse-Breath-Short: <a href=\"https:\/\/fesliyanstudios.com\/\">FesliyanStudios.com  <\/a><br \/>\nHorse Neigh, Galloping Horse: <a href=\"https:\/\/soundbible.com\/\">SoundBible.com  <\/a><br \/>\nIntro: Sleepy Jake by Silent Partner: <a href=\"https:\/\/www.youtube.com\/channel\/UCht8qITGkBvXKsR1Byln-wA\">YouTube Audio Library<\/a> <br \/>\nEseliah: <a href=\"https:\/\/bigsoundbank.com\/detail-1549-donkey-braying-1.html\">bigsoundbank.com<\/a><\/p>\n","protected":false},"excerpt":{"rendered":"<p>Die wunderbare Welt der wei\u00dfen Esel &#8211; gibt es die wirklich? Sind Esel wirklich so dumm und sind sie geeignete Stallgenossen f\u00fcr Pferde? Auf Trab zu Gast Mag. Katharina Tschann, Pr\u00e4sidentin des Verein zur Erhaltung der Wei\u00dfen Barockesel. Wer die s\u00fc\u00dfen Langohren n\u00e4her kennenlernen m\u00f6chte erreicht Katharina \u00fcber www.weisse-barockesel.at und auf Instagram\/Auf Trab. In diesem [&hellip;]<\/p>\n","protected":false},"author":1,"featured_media":519,"comment_status":"","ping_status":"","sticky":false,"template":"","format":"standard","meta":{"footnotes":""},"categories":[1],"tags":[],"class_list":["post-500","post","type-post","status-publish","format-standard","has-post-thumbnail","hentry","category-allgemein","has-thumbnail"],"_links":{"self":[{"href":"https:\/\/auftrab.eu\/index.php\/wp-json\/wp\/v2\/posts\/500","targetHints":{"allow":["GET"]}}],"collection":[{"href":"https:\/\/auftrab.eu\/index.php\/wp-json\/wp\/v2\/posts"}],"about":[{"href":"https:\/\/auftrab.eu\/index.php\/wp-json\/wp\/v2\/types\/post"}],"author":[{"embeddable":true,"href":"https:\/\/auftrab.eu\/index.php\/wp-json\/wp\/v2\/users\/1"}],"replies":[{"embeddable":true,"href":"https:\/\/auftrab.eu\/index.php\/wp-json\/wp\/v2\/comments?post=500"}],"version-history":[{"count":0,"href":"https:\/\/auftrab.eu\/index.php\/wp-json\/wp\/v2\/posts\/500\/revisions"}],"wp:featuredmedia":[{"embeddable":true,"href":"https:\/\/auftrab.eu\/index.php\/wp-json\/wp\/v2\/media\/519"}],"wp:attachment":[{"href":"https:\/\/auftrab.eu\/index.php\/wp-json\/wp\/v2\/media?parent=500"}],"wp:term":[{"taxonomy":"category","embeddable":true,"href":"https:\/\/auftrab.eu\/index.php\/wp-json\/wp\/v2\/categories?post=500"},{"taxonomy":"post_tag","embeddable":true,"href":"https:\/\/auftrab.eu\/index.php\/wp-json\/wp\/v2\/tags?post=500"}],"curies":[{"name":"wp","href":"https:\/\/api.w.org\/{rel}","templated":true}]}}