{"id":579,"date":"2022-02-05T11:50:08","date_gmt":"2022-02-05T10:50:08","guid":{"rendered":"https:\/\/auftrab.eu\/index.php\/2022\/02\/05\/hufrolle-reiten-ist-wieder-moeglich\/"},"modified":"2022-02-05T11:50:08","modified_gmt":"2022-02-05T10:50:08","slug":"hufrolle-reiten-ist-wieder-moeglich","status":"publish","type":"post","link":"https:\/\/auftrab.eu\/index.php\/2022\/02\/05\/hufrolle-reiten-ist-wieder-moeglich\/","title":{"rendered":"Hufrolle &#8211; Reiten ist wieder m\u00f6glich!"},"content":{"rendered":"<audio class=\"wp-audio-shortcode\" id=\"audio-579-1\" preload=\"none\" style=\"width: 100%;\" controls=\"controls\"><source type=\"audio\/mpeg\" src=\"https:\/\/anchor.fm\/s\/42ab62c8\/podcast\/play\/47189016\/https%3A%2F%2Fd3ctxlq1ktw2nl.cloudfront.net%2Fstaging%2F2022-1-5%2F246276716-44100-2-18a89ac555dee.m4a?_=1\" \/><a href=\"https:\/\/anchor.fm\/s\/42ab62c8\/podcast\/play\/47189016\/https%3A%2F%2Fd3ctxlq1ktw2nl.cloudfront.net%2Fstaging%2F2022-1-5%2F246276716-44100-2-18a89ac555dee.m4a\">https:\/\/anchor.fm\/s\/42ab62c8\/podcast\/play\/47189016\/https%3A%2F%2Fd3ctxlq1ktw2nl.cloudfront.net%2Fstaging%2F2022-1-5%2F246276716-44100-2-18a89ac555dee.m4a<\/a><\/audio>\n<p>In der Vorwoche hatten wir mit VOX-Pferdeprofi Katja Schnabel und Michael Geitner, dem Vater der blau-gelben Dualaktivierung unterhaltsame Pferdeprominenz zu Gast. Auf vielfachen Wunsch der AUF TRAB-Community haben meine Welshcobs und ich uns dieses Mal wieder ein medizinisches Thema vorgekn\u00f6pft: Das weit verbreitete Hufrollensyndrom. Wir haben mit Veronika Apprich von der Klinischen Abteilung f\u00fcr Pferdechirurgie der Veterin\u00e4rmedizinischen Universit\u00e4t Wien eine echte Koriph\u00e4e auf diesem Gebiet eingeladen. Das Hufrollensyndrom ist eine der h\u00e4ufigsten Ursachen f\u00fcr chronische Lahmheit, nicht zu verwechseln mit Hufrehe. Dazu haben wir ja Ende November 2021 die Auf Trab-Folge \u201eAu wehe, Hufrehe\u201c aufgenommen, die Du hier gerne nachh\u00f6ren kannst:<\/p>\n<p><a href=\"https:\/\/anchor.fm\/auftrab\/embed\/episodes\/Au-weh---Hufrehe-e1asaao\/a-a6vrk0m\">https:\/\/anchor.fm\/auftrab\/embed\/episodes\/Au-weh&#8212;Hufrehe-e1asaao\/a-a6vrk0m<\/a><\/p>\n<p>Was es hingegen mit dem Hufrollensyndrom auf sich hat, was hierf\u00fcr die Ursachen sind , wie man es erkennt und behandelt und wie vor allem Reiten wieder m\u00f6glich wird, darum geht es in dieser AUF TRAB-Episode mit Podcast-Gast Veronika Apprich.<\/p>\n<p>Und hier k\u00f6nnt ihr direkt zu Euren Lieblingspassagen h\u00fcpfen:<\/p>\n<p>(07:31) &#8211; Hufolle erkennen<\/p>\n<p>(13:16) &#8211; Nervenschnitt als letzte Therapie<\/p>\n<p>(15:45) &#8211; Heilungschancen<\/p>\n<p>(17:15) &#8211; Ankaufuntersuchung<\/p>\n<p>(18:48) &#8211; Wann man noch reiten kann<\/p>\n<p>(21:14) &#8211; Sonstige Hufkrankheiten<\/p>\n<p>(22:22) &#8211; Vorbeugung<\/p>\n<p><em>Und wenn Euch diese <\/em>medizinische AUF TRAB-F<em>olge <\/em>weitergeholfen haben sollte<em>, <\/em>dann erz\u00e4hlt und schickt uns doch bitte Eure Leidens- und\/oder Heilungsgeschichte, gerne auch als Handyaufnahme an <a href=\"mailto:julia@auftrab.eu\">julia@auftrab.eu<\/a>. Nat\u00fcrlich sind wir Euch auch sehr dankbar, wenn ihr diesen Podcast weiterempfiehlt, ihn mit Podcast-Apps, auf YouTube oder Spotify abonniert und wo es m\u00f6glich ist auch liked und bewertet. Aber vor allem freuen wir uns nat\u00fcrlich, wenn ihr uns weiterhin Geh\u00f6r schenkt. Deshalb, liebe Hypomaniacs bleibt auf Trab, bis zum n\u00e4chsten Samstag, Eure <em>Podcast<\/em>-H<em>ost<\/em>s<em> Julia Kistner<\/em> und die Welshies.<\/p>\n<p>Musik- und Soundrechte: <a href=\"https:\/\/auftrab.eu\/index.php\/musik-und-soundrechte\/\">https:\/\/auftrab.eu\/index.php\/musik-und-soundrechte\/<\/a><\/p>\n<p>#Pferde #VOX #KatjaSchnabel #Vetmed #VetmedWien #MikeGeitner #Pferdeprofis #reiten #Bewegung #Pferdesport #JuliaKistner #Welshcobs #Hufrolle #Geitner #Tiere #Hufkrankheit #Hufschmied #Problempferde #Nervenschnitt #Ankaufuntersuchung #Tierarzt #Hufeiterung #Lahmheit #Hufrollensyndrom #chronisch<\/p>\n","protected":false},"excerpt":{"rendered":"<p>In der Vorwoche hatten wir mit VOX-Pferdeprofi Katja Schnabel und Michael Geitner, dem Vater der blau-gelben Dualaktivierung unterhaltsame Pferdeprominenz zu Gast. Auf vielfachen Wunsch der AUF TRAB-Community haben meine Welshcobs und ich uns dieses Mal wieder ein medizinisches Thema vorgekn\u00f6pft: Das weit verbreitete Hufrollensyndrom. Wir haben mit Veronika Apprich von der Klinischen Abteilung f\u00fcr Pferdechirurgie [&hellip;]<\/p>\n","protected":false},"author":1,"featured_media":576,"comment_status":"","ping_status":"","sticky":false,"template":"","format":"standard","meta":{"footnotes":""},"categories":[1],"tags":[],"class_list":["post-579","post","type-post","status-publish","format-standard","has-post-thumbnail","hentry","category-allgemein","has-thumbnail"],"_links":{"self":[{"href":"https:\/\/auftrab.eu\/index.php\/wp-json\/wp\/v2\/posts\/579","targetHints":{"allow":["GET"]}}],"collection":[{"href":"https:\/\/auftrab.eu\/index.php\/wp-json\/wp\/v2\/posts"}],"about":[{"href":"https:\/\/auftrab.eu\/index.php\/wp-json\/wp\/v2\/types\/post"}],"author":[{"embeddable":true,"href":"https:\/\/auftrab.eu\/index.php\/wp-json\/wp\/v2\/users\/1"}],"replies":[{"embeddable":true,"href":"https:\/\/auftrab.eu\/index.php\/wp-json\/wp\/v2\/comments?post=579"}],"version-history":[{"count":0,"href":"https:\/\/auftrab.eu\/index.php\/wp-json\/wp\/v2\/posts\/579\/revisions"}],"wp:featuredmedia":[{"embeddable":true,"href":"https:\/\/auftrab.eu\/index.php\/wp-json\/wp\/v2\/media\/576"}],"wp:attachment":[{"href":"https:\/\/auftrab.eu\/index.php\/wp-json\/wp\/v2\/media?parent=579"}],"wp:term":[{"taxonomy":"category","embeddable":true,"href":"https:\/\/auftrab.eu\/index.php\/wp-json\/wp\/v2\/categories?post=579"},{"taxonomy":"post_tag","embeddable":true,"href":"https:\/\/auftrab.eu\/index.php\/wp-json\/wp\/v2\/tags?post=579"}],"curies":[{"name":"wp","href":"https:\/\/api.w.org\/{rel}","templated":true}]}}