{"id":582,"date":"2022-02-12T11:50:17","date_gmt":"2022-02-12T10:50:17","guid":{"rendered":"https:\/\/auftrab.eu\/index.php\/2022\/02\/12\/trainingsaufbau-was-man-von-grand-prix-reiterinnen-lernen-kann\/"},"modified":"2022-02-12T11:50:17","modified_gmt":"2022-02-12T10:50:17","slug":"trainingsaufbau-was-man-von-grand-prix-reiterinnen-lernen-kann","status":"publish","type":"post","link":"https:\/\/auftrab.eu\/index.php\/2022\/02\/12\/trainingsaufbau-was-man-von-grand-prix-reiterinnen-lernen-kann\/","title":{"rendered":"Trainingsaufbau: Was man von Grand-Prix-Reiterinnen lernen kann"},"content":{"rendered":"<audio class=\"wp-audio-shortcode\" id=\"audio-582-1\" preload=\"none\" style=\"width: 100%;\" controls=\"controls\"><source type=\"audio\/mpeg\" src=\"https:\/\/anchor.fm\/s\/42ab62c8\/podcast\/play\/47537968\/https%3A%2F%2Fd3ctxlq1ktw2nl.cloudfront.net%2Fstaging%2F2022-1-12%2F247560544-44100-2-6cce73b87dc72.m4a?_=1\" \/><a href=\"https:\/\/anchor.fm\/s\/42ab62c8\/podcast\/play\/47537968\/https%3A%2F%2Fd3ctxlq1ktw2nl.cloudfront.net%2Fstaging%2F2022-1-12%2F247560544-44100-2-6cce73b87dc72.m4a\">https:\/\/anchor.fm\/s\/42ab62c8\/podcast\/play\/47537968\/https%3A%2F%2Fd3ctxlq1ktw2nl.cloudfront.net%2Fstaging%2F2022-1-12%2F247560544-44100-2-6cce73b87dc72.m4a<\/a><\/audio>\n<p>Wer kennt das nicht: man freut sich auf die Reit- oder Fahrstunde, aber es fehlt einem der Plan, was man eigentlich reiten oder fahren m\u00f6chte. Um wieder Schwung und System in das Training nach einer l\u00e4ngeren Corona- oder Winterpause zu bekommen haben wir in der aktuellen Auf Trab-Podcastfolge Dr. Britta Sch\u00f6ffman eingeladen, die uns ein Konzept f\u00fcr eine gelungene Reitstunde mitgibt.<\/p>\n<p>Bei Britta Sch\u00f6ffman, ehemalige Grand-Prix-Reiterin, Tr\u00e4gerin des goldenen Reitabzeichens und Dressurausbildnerin dauert eine Trainingsstunde \u00fcbrigens 40 bis 45 Minuten dauert. Davon sind zehn Minuten die Aufw\u00e4rmphase, je nach Pferd 15 bis 20 Minuten die L\u00f6sephase und dann kommen erst die zu \u00fcbenden Lektionen. Britta beginnt auch jede \u00dcbung mit der \u201eguten Seite&#8220;. Wenn man sich auf einer der gerittenen H\u00e4nden sehr schwer tut beginnt man mit einem Verh\u00e4ltnis 70:30, soll hei\u00dfen man reitet zu 70 Prozent auf der guten Hand und 30 Prozent auf der schlechteren, mit dem Ziel die schwerere Seite so zu verbessern, dass man irgendwann die Trainingsstunde auf beiden H\u00e4nden je zur H\u00e4lfte reitet. Auch sollte man sich jede Saison ein Ziel stecken und keinen \u00dcbungsschritt \u00fcberspringen: Wenn der einfache Galoppwechsel gut sitzt arbeitet man erst an der Perfektionierung der \u00dcberg\u00e4nge, bevor man sich an den fliegenden Galoppwechsel wagt und geht auch mal wieder einen Schritt zur\u00fcck. Die Basis, das sind Haltparaden, exakte Zirkel, \u00dcberg\u00e4nge etc. wird &#8211; egal welche Ausblildungsklasse &#8211; immer in der L\u00f6sephase geritten. Weitere Tipps gibt es in dieser Auf Trab-Podcastfolge, viel H\u00f6rvergn\u00fcgen!<\/p>\n<p>Mehr zu Britta Sch\u00f6ffmann, Ihren B\u00fcchern, Kursen und Videos findet ihr auf https:\/\/britta-schoeffmann.com<\/p>\n<p>Und wenn Euch diese Podcastfolge gefallen hat, dann empfehle ich Euch nochmals in die Auf Trab-Episode vom 16. J\u00e4nner reinzuh\u00f6ren. Britta Sch\u00f6ffman, zu Gast Auf Trab, diskutiert auf der Pferdecouch Platz diskutiert mit Mike Geitner, Begr\u00fcnder der blau-gelben Dualaktivierung und mit Horst Becker, bekannt f\u00fcr seinen klassische Reitkunst und die Freiheitsdressur \u00fcber die Brutalit\u00e4t im Reitsport.<\/p>\n<p>Ja und ansonsten w\u00fcrden meine Welshies und ich mich nat\u00fcrlich sehr freuen, wenn ihr unseren Podcast Auf Trab auf YouTube, Spotify oder mit einer Podcast-App wie Apple Podcast abonniert, weiterempfiehlt oder auch bewertet. Aber vor allem: Liebe Hypomaniacs bleibt auf Trab, bis zum n\u00e4chsten Samstag!<\/p>\n<p>Eure Julia Kistner, eure Welshcobs Tessa, Velvet und Dancer<\/p>\n<p>Musik- und Soundrechte: <a href=\"https:\/\/auftrab.eu\/index.php\/musik-und-soundrechte\/\">https:\/\/auftrab.eu\/index.php\/musik-und-soundrechte\/<\/a><\/p>\n<p>#Pferde #BrittaSch\u00f6ffmann #Grand-Prix #Trainingsstunde #reiten #FliegenderWechsel #Pferdesport #JuliaKistner #Welshcobs #Lektionen #Geitner #Tiere #EinfacherWechsel #Haltparade #Reitstunde #\u00dcberg\u00e4nge #Aufw\u00e4rmphase #L\u00f6sephase #GoldenesReitabzeichen #Reitersitz<\/p>\n","protected":false},"excerpt":{"rendered":"<p>Wer kennt das nicht: man freut sich auf die Reit- oder Fahrstunde, aber es fehlt einem der Plan, was man eigentlich reiten oder fahren m\u00f6chte. Um wieder Schwung und System in das Training nach einer l\u00e4ngeren Corona- oder Winterpause zu bekommen haben wir in der aktuellen Auf Trab-Podcastfolge Dr. Britta Sch\u00f6ffman eingeladen, die uns ein [&hellip;]<\/p>\n","protected":false},"author":1,"featured_media":583,"comment_status":"","ping_status":"","sticky":false,"template":"","format":"standard","meta":{"footnotes":""},"categories":[1],"tags":[],"class_list":["post-582","post","type-post","status-publish","format-standard","has-post-thumbnail","hentry","category-allgemein","has-thumbnail"],"_links":{"self":[{"href":"https:\/\/auftrab.eu\/index.php\/wp-json\/wp\/v2\/posts\/582","targetHints":{"allow":["GET"]}}],"collection":[{"href":"https:\/\/auftrab.eu\/index.php\/wp-json\/wp\/v2\/posts"}],"about":[{"href":"https:\/\/auftrab.eu\/index.php\/wp-json\/wp\/v2\/types\/post"}],"author":[{"embeddable":true,"href":"https:\/\/auftrab.eu\/index.php\/wp-json\/wp\/v2\/users\/1"}],"replies":[{"embeddable":true,"href":"https:\/\/auftrab.eu\/index.php\/wp-json\/wp\/v2\/comments?post=582"}],"version-history":[{"count":0,"href":"https:\/\/auftrab.eu\/index.php\/wp-json\/wp\/v2\/posts\/582\/revisions"}],"wp:featuredmedia":[{"embeddable":true,"href":"https:\/\/auftrab.eu\/index.php\/wp-json\/wp\/v2\/media\/583"}],"wp:attachment":[{"href":"https:\/\/auftrab.eu\/index.php\/wp-json\/wp\/v2\/media?parent=582"}],"wp:term":[{"taxonomy":"category","embeddable":true,"href":"https:\/\/auftrab.eu\/index.php\/wp-json\/wp\/v2\/categories?post=582"},{"taxonomy":"post_tag","embeddable":true,"href":"https:\/\/auftrab.eu\/index.php\/wp-json\/wp\/v2\/tags?post=582"}],"curies":[{"name":"wp","href":"https:\/\/api.w.org\/{rel}","templated":true}]}}