{"id":642,"date":"2022-08-27T16:00:24","date_gmt":"2022-08-27T14:00:24","guid":{"rendered":"https:\/\/auftrab.eu\/index.php\/2022\/08\/27\/anja-beran-so-klappt-die-jungpferdeausbildung\/"},"modified":"2022-08-27T16:00:24","modified_gmt":"2022-08-27T14:00:24","slug":"anja-beran-so-klappt-die-jungpferdeausbildung","status":"publish","type":"post","link":"https:\/\/auftrab.eu\/index.php\/2022\/08\/27\/anja-beran-so-klappt-die-jungpferdeausbildung\/","title":{"rendered":"Anja Beran: So klappt die Jungpferdeausbildung"},"content":{"rendered":"<audio class=\"wp-audio-shortcode\" id=\"audio-642-1\" preload=\"none\" style=\"width: 100%;\" controls=\"controls\"><source type=\"audio\/mpeg\" src=\"https:\/\/anchor.fm\/s\/42ab62c8\/podcast\/play\/56698192\/https%3A%2F%2Fd3ctxlq1ktw2nl.cloudfront.net%2Fstaging%2F2022-7-26%2F2d7aede4-6e95-cea4-1544-f5b3695d97e5.mp3?_=1\" \/><a href=\"https:\/\/anchor.fm\/s\/42ab62c8\/podcast\/play\/56698192\/https%3A%2F%2Fd3ctxlq1ktw2nl.cloudfront.net%2Fstaging%2F2022-7-26%2F2d7aede4-6e95-cea4-1544-f5b3695d97e5.mp3\">https:\/\/anchor.fm\/s\/42ab62c8\/podcast\/play\/56698192\/https%3A%2F%2Fd3ctxlq1ktw2nl.cloudfront.net%2Fstaging%2F2022-7-26%2F2d7aede4-6e95-cea4-1544-f5b3695d97e5.mp3<\/a><\/audio>\n<p>Was alles hinter einer soliden Jungpferdeausbildung steckt, wie ihr Konzept funktioniert, das verr\u00e4t Anja Beran in der aktuellen Episode von AUF TRAB, die ich allen Jungpferdebesitzer \u2013 und nicht nur ihnen \u2013 ans Herz legen m\u00f6chte. Sie erkl\u00e4rt die liebevolle Kleinarbeit der ersten drei Monate Grundausbildung auf ihrem internationalen Ausbildungs- und Seminarzentrum Gut Rosenhof in Bayern. Den Weg von der Longe mit und ohne Reiter bis in die Bahn. F\u00fcr das Konzept von Anja Beran braucht man vor allem zwei bis drei Helfer beim anreiten, damit das Pferde erst gar keine Fehler machen kann. \u201eDenn Fehler, die sie einmal machen, werden abgespeichert\u201c, warnt sie. F\u00fcr die Grundausbildung verwendet sie einen Kappzaun, darunter ein Hanoveranisches Reithalfter, eine Longe, eine Longepeitsche und eine kurze Gerte. That\u00b4s it. Mehr \u00fcber Anja Beran und ihr internationales Ausbildungszentrum und ihre Stiftung zur F\u00f6rderung der klassischen Reitkunst auf www.anjaberan.de<\/p>\n<p>Auch ich hatte das Vergn\u00fcgen Velvet und Dancer aufzuziehen und auszubilden, allerdings ohne Helfer. Was ich mir aber genommen habe ist viel viel Zeit. Das betont auch Anja Beran, dass man in drei Monaten einem Pferd die Bein- und Z\u00fcgel-Hilfen und die Grundgangarten beigebracht hat \u2013 nicht mehr: Keinen Takt, keine Stellung usw. Habt ihr auch Erfahrungen mit Jungpferdeausbildung gemacht? Dann erz\u00e4hlt Euer Konzept doch bitte auch der AUF TRAB-Community. Wollt ihr wissen wie ich Dancer und Velvet eingeritten bzw. Velvet auch eingefahren habe? Ich erz\u00e4hle es Euch auch gerne in einer der n\u00e4chsten Folgen.<\/p>\n<p>Mein Lohn f\u00fcr die AUF TRAB ist \u00fcbrigens Euer Dankesch\u00f6n in Form von Likes und Kommentaren, Euer Gratis-Abo von AUF TRAB bei einer Podcast-Plattform Eurer Wahl, bei YouTube oder Spotify und\/oder auf Instagram. Und nat\u00fcrlich, wenn Ihr den Podcast AUF TRAB weiterempfiehlt.<\/p>\n<p>Ihr k\u00f6nnt auch Velvet und mich kennenlernen und mit uns viel Spa\u00df haben und obendrein viel lernen, wenn ihr am<\/p>\n<p><strong>8.\/9. Oktober beim<\/strong><\/p>\n<p><strong>CENTERED RIDING-Kurs mit ROSI SCHREIBER-JETZINGER<\/strong><\/p>\n<p><strong>In der wundersch\u00f6nen Reithalle des Festschloss SCHLOSSHOF<\/strong><\/p>\n<p>Im Marchfeld\/N\u00d6 dabei seid (<a href=\"http:\/\/www.schlosshof.at\/\">www.schlosshof.at<\/a>)<\/p>\n<p>Gerne schicke ich mehr Info. Schreibt einen Kommentar oder schreibt mir ein Mail an<\/p>\n<p>Julia@auftrab.eu<\/p>\n<p>Musik- und Soundrechte: https:\/\/auftrab.eu\/index.php\/musik-und-soundrechte\/<\/p>\n<p>#Pferde #AnjaBeran #Pferdetrainer #KlassischeReitkunst #Pferdeausbildung #Jungpferdeausbildung #GutRosenhof#Longe #Kappzaum #AufTrab #podcast #Peitsche #Gerte #Grundgangarten #Au\u00dfenstellung #Schritt #Trab #Galopp #reiten #Reithalfter<\/p>\n<p>Foto: Anja Beran<\/p>\n","protected":false},"excerpt":{"rendered":"<p>Was alles hinter einer soliden Jungpferdeausbildung steckt, wie ihr Konzept funktioniert, das verr\u00e4t Anja Beran in der aktuellen Episode von AUF TRAB, die ich allen Jungpferdebesitzer \u2013 und nicht nur ihnen \u2013 ans Herz legen m\u00f6chte. Sie erkl\u00e4rt die liebevolle Kleinarbeit der ersten drei Monate Grundausbildung auf ihrem internationalen Ausbildungs- und Seminarzentrum Gut Rosenhof in [&hellip;]<\/p>\n","protected":false},"author":1,"featured_media":643,"comment_status":"","ping_status":"","sticky":false,"template":"","format":"standard","meta":{"footnotes":""},"categories":[1],"tags":[],"class_list":["post-642","post","type-post","status-publish","format-standard","has-post-thumbnail","hentry","category-allgemein","has-thumbnail"],"_links":{"self":[{"href":"https:\/\/auftrab.eu\/index.php\/wp-json\/wp\/v2\/posts\/642","targetHints":{"allow":["GET"]}}],"collection":[{"href":"https:\/\/auftrab.eu\/index.php\/wp-json\/wp\/v2\/posts"}],"about":[{"href":"https:\/\/auftrab.eu\/index.php\/wp-json\/wp\/v2\/types\/post"}],"author":[{"embeddable":true,"href":"https:\/\/auftrab.eu\/index.php\/wp-json\/wp\/v2\/users\/1"}],"replies":[{"embeddable":true,"href":"https:\/\/auftrab.eu\/index.php\/wp-json\/wp\/v2\/comments?post=642"}],"version-history":[{"count":0,"href":"https:\/\/auftrab.eu\/index.php\/wp-json\/wp\/v2\/posts\/642\/revisions"}],"wp:featuredmedia":[{"embeddable":true,"href":"https:\/\/auftrab.eu\/index.php\/wp-json\/wp\/v2\/media\/643"}],"wp:attachment":[{"href":"https:\/\/auftrab.eu\/index.php\/wp-json\/wp\/v2\/media?parent=642"}],"wp:term":[{"taxonomy":"category","embeddable":true,"href":"https:\/\/auftrab.eu\/index.php\/wp-json\/wp\/v2\/categories?post=642"},{"taxonomy":"post_tag","embeddable":true,"href":"https:\/\/auftrab.eu\/index.php\/wp-json\/wp\/v2\/tags?post=642"}],"curies":[{"name":"wp","href":"https:\/\/api.w.org\/{rel}","templated":true}]}}