{"id":656,"date":"2022-10-01T13:28:21","date_gmt":"2022-10-01T11:28:21","guid":{"rendered":"https:\/\/auftrab.eu\/index.php\/2022\/10\/01\/die-richtige-schur-nach-dem-fellwechsel\/"},"modified":"2022-10-01T13:28:21","modified_gmt":"2022-10-01T11:28:21","slug":"die-richtige-schur-nach-dem-fellwechsel","status":"publish","type":"post","link":"https:\/\/auftrab.eu\/index.php\/2022\/10\/01\/die-richtige-schur-nach-dem-fellwechsel\/","title":{"rendered":"Die richtige Schur nach dem Fellwechsel"},"content":{"rendered":"<audio class=\"wp-audio-shortcode\" id=\"audio-656-1\" preload=\"none\" style=\"width: 100%;\" controls=\"controls\"><source type=\"audio\/mpeg\" src=\"https:\/\/anchor.fm\/s\/42ab62c8\/podcast\/play\/58411866\/https%3A%2F%2Fd3ctxlq1ktw2nl.cloudfront.net%2Fstaging%2F2022-9-1%2Fbfad9229-83cd-b136-81b7-73484e0a04b9.mp3?_=1\" \/><a href=\"https:\/\/anchor.fm\/s\/42ab62c8\/podcast\/play\/58411866\/https%3A%2F%2Fd3ctxlq1ktw2nl.cloudfront.net%2Fstaging%2F2022-9-1%2Fbfad9229-83cd-b136-81b7-73484e0a04b9.mp3\">https:\/\/anchor.fm\/s\/42ab62c8\/podcast\/play\/58411866\/https%3A%2F%2Fd3ctxlq1ktw2nl.cloudfront.net%2Fstaging%2F2022-9-1%2Fbfad9229-83cd-b136-81b7-73484e0a04b9.mp3<\/a><\/audio>\n<p>Die B\u00e4ume verlieren langsam ihre Bl\u00e4tter, unsere Pferde ihr Fell. Und vielleicht haben eure vierbeinigen Freundinnen obendrein ein ganz sch\u00f6n dickes Fell \u2013 sei es Rasse- oder krankheitsbedingt. Mit der richtigen Schur braucht man sich jedenfalls nicht mehr um den Winter scheren. Unse AUF TRAB-Podcastgast Verena Tschuchnig aus Hallein betreibt einen Schermaschinen-Verleih und Scherservice. Sie verr\u00e4t uns einfache Tipps, wie das Scheren sicher gelingt. Das beginnt mit der richtigen Ausr\u00fcstung: Eine Profi-Schermaschine gibt es nun mal nicht ab 30 Euro, sondern kostet etwa 300 Euro. Eine Schaf-Schermaschine sei ungeeignet f\u00fcr die Pferdeschur. Wer ein nerv\u00f6ses Pferd hat, der sollte eine leisere Akku-Schermaschine in die Hand nehmen. Keinesfalls, sollte man das Pferde an einem f\u00fcr ihn ungeeigneten Ort scheren und wo es zugig ist und dann \u00fcberall die feinen Haare picken. Reicht das Nervenkost\u00fcm des Vierbeiners f\u00fcr eine Schur nicht aus, beginnt Verena einmal mit einer Teilschur oder verabreicht Sedierpaste.<\/p>\n<p>Ein Netz betriebenes Scherger\u00e4t bringt deutlich mehr Leistung und reicht auch mit Sicherheit f\u00fcr die gesamte Schur aus. Ein Netzger\u00e4t ist unbedingt empfehlenswert bei Cushing-Pferden bzw. generell bei Pferden mit einem dicken Pelz. Apropos Fell: Das sollte frei von Schweiz und generell trocken sein, sonst ruiniert man seine Schermesser. Gef\u00e4hrlich ist, wenn man das Stromkabel \u00fcber das Pferde oder zu dicht am Pferd vorbetf\u00fchrt.<\/p>\n<p>Verena beginnt die Schur am Hals. Sollte sie ihre Arbeit abbrechen m\u00fcssen, weil das Pferd sich zu sehr aufregt, f\u00e4llt hier das unvollendete Werk auch nicht so auf. Es gibt verschiedene Schuren f\u00fcr unterschiedliche Zwecke. Kopf und Beine schert sie am liebsten nicht, das mache aus gesundheitlichen Gr\u00fcnden n\u00e4mlich keinen Sind. In keinem Fall darf man die Bart- bzw. Tasthaare abrasieren und wichtig sei, bei Hautfalten aufpassen, dass man sie nicht in die Maschine einzwickt. Im besten Fall ist der Besitzer bei der Schur dabei. F\u00fcr einen effektive Winterschur empfiehlt sie zwei Mal zu scheren: November\/Dezember und Januar\/Februar, wobei man sich bei Offenstallhaltung \u00fcberlegen sollte, ob man sich nicht mit einer Streifenschur an den noralgischen Schwitzstellen begn\u00fcgt. Bei Offenstallhaltung muss man geschorene Pferde unbedingt entsprechend abdecken. Wer sich weitere Schertipps w\u00fcnscht, dem kann ich die aktuelle Podcastfolge w\u00e4rmstens empfehlen und auch einen Blick auf Verenas Homepage velia.at<\/p>\n<p>Liebe Hypomaniacs, bleibt AUF TRAB bis zum n\u00e4chsten Samstag. Ihr w\u00fcrdet meinen Podcast nach vorne bringen, wenn ihr ihn gratis abonniert, damit ihr auch keine Folge mehr verpasst. Und bitte: Daumen hoch f\u00fcr AUF TRAB \ud83d\ude42<\/p>\n<p>Ps: Anbei auch ein Link zum \u00d6sterreichischen Pferdemagazin Pferderevue, das die verschiedenen Schur-Schnitte und ihre Funktionen gut dargestellt hat:<\/p>\n<p>https:\/\/www.pferderevue.at\/magazin\/haltung_fuetterung\/2021\/pferdeschur&#8211;die-beliebtesten-schnitte-von-klassisch-bis-schrill.html<\/p>\n<p>Musik- und Soundrechte: https:\/\/auftrab.eu\/index.php\/musik-und-soundrechte\/<\/p>\n<p>#Pferdeschur #scheren #VerenaTschuchnig #Schermesser #Cushing #Pferde #Fell #Schwerger\u00e4t #Tasthaare #Fellwechsel#AufTrab #podcast #schwitzen<\/p>\n<p>Foto: Verena Tschuchnig\/velia.at<\/p>\n","protected":false},"excerpt":{"rendered":"<p>Die B\u00e4ume verlieren langsam ihre Bl\u00e4tter, unsere Pferde ihr Fell. Und vielleicht haben eure vierbeinigen Freundinnen obendrein ein ganz sch\u00f6n dickes Fell \u2013 sei es Rasse- oder krankheitsbedingt. Mit der richtigen Schur braucht man sich jedenfalls nicht mehr um den Winter scheren. Unse AUF TRAB-Podcastgast Verena Tschuchnig aus Hallein betreibt einen Schermaschinen-Verleih und Scherservice. Sie [&hellip;]<\/p>\n","protected":false},"author":1,"featured_media":657,"comment_status":"","ping_status":"","sticky":false,"template":"","format":"standard","meta":{"footnotes":""},"categories":[1],"tags":[],"class_list":["post-656","post","type-post","status-publish","format-standard","has-post-thumbnail","hentry","category-allgemein","has-thumbnail"],"_links":{"self":[{"href":"https:\/\/auftrab.eu\/index.php\/wp-json\/wp\/v2\/posts\/656","targetHints":{"allow":["GET"]}}],"collection":[{"href":"https:\/\/auftrab.eu\/index.php\/wp-json\/wp\/v2\/posts"}],"about":[{"href":"https:\/\/auftrab.eu\/index.php\/wp-json\/wp\/v2\/types\/post"}],"author":[{"embeddable":true,"href":"https:\/\/auftrab.eu\/index.php\/wp-json\/wp\/v2\/users\/1"}],"replies":[{"embeddable":true,"href":"https:\/\/auftrab.eu\/index.php\/wp-json\/wp\/v2\/comments?post=656"}],"version-history":[{"count":0,"href":"https:\/\/auftrab.eu\/index.php\/wp-json\/wp\/v2\/posts\/656\/revisions"}],"wp:featuredmedia":[{"embeddable":true,"href":"https:\/\/auftrab.eu\/index.php\/wp-json\/wp\/v2\/media\/657"}],"wp:attachment":[{"href":"https:\/\/auftrab.eu\/index.php\/wp-json\/wp\/v2\/media?parent=656"}],"wp:term":[{"taxonomy":"category","embeddable":true,"href":"https:\/\/auftrab.eu\/index.php\/wp-json\/wp\/v2\/categories?post=656"},{"taxonomy":"post_tag","embeddable":true,"href":"https:\/\/auftrab.eu\/index.php\/wp-json\/wp\/v2\/tags?post=656"}],"curies":[{"name":"wp","href":"https:\/\/api.w.org\/{rel}","templated":true}]}}