{"id":677,"date":"2022-12-10T12:13:48","date_gmt":"2022-12-10T11:13:48","guid":{"rendered":"https:\/\/auftrab.eu\/index.php\/2022\/12\/10\/vertikal-reiten-mit-christina-wunderlich\/"},"modified":"2022-12-10T12:13:48","modified_gmt":"2022-12-10T11:13:48","slug":"vertikal-reiten-mit-christina-wunderlich","status":"publish","type":"post","link":"https:\/\/auftrab.eu\/index.php\/2022\/12\/10\/vertikal-reiten-mit-christina-wunderlich\/","title":{"rendered":"Vertikal reiten mit Christina Wunderlich"},"content":{"rendered":"<audio class=\"wp-audio-shortcode\" id=\"audio-677-1\" preload=\"none\" style=\"width: 100%;\" controls=\"controls\"><source type=\"audio\/mpeg\" src=\"https:\/\/anchor.fm\/s\/42ab62c8\/podcast\/play\/61958665\/https%3A%2F%2Fd3ctxlq1ktw2nl.cloudfront.net%2Fstaging%2F2022-11-9%2F439ffb4b-ac6a-46c9-3a3c-6a188dd7b48d.mp3?_=1\" \/><a href=\"https:\/\/anchor.fm\/s\/42ab62c8\/podcast\/play\/61958665\/https%3A%2F%2Fd3ctxlq1ktw2nl.cloudfront.net%2Fstaging%2F2022-11-9%2F439ffb4b-ac6a-46c9-3a3c-6a188dd7b48d.mp3\">https:\/\/anchor.fm\/s\/42ab62c8\/podcast\/play\/61958665\/https%3A%2F%2Fd3ctxlq1ktw2nl.cloudfront.net%2Fstaging%2F2022-11-9%2F439ffb4b-ac6a-46c9-3a3c-6a188dd7b48d.mp3<\/a><\/audio>\n<p>Ganz ehrlich: Noch nie habe ich eine Reitschule kennengelernt, die in den sozialen Medien so kontroversiell diskutiert wird. Das hat mich sehr neugierig gemacht, weshalb ich unbedingt vom Schmied und nicht vom Schmiedl wissen wollte, was es mit der Reitlehre des Portugiesen Manuel Jorge de Oliveira auf sich hat, den seine Sch\u00fclerinnen den Meister nennen und der auch sonst auf Disziplin undHierarchie im Team setzt. In dieser Podcast-Folge von Auf Trab zu Gast ist Christina Wunderlich, Leiterin der Oliveira Stables in Waal in der N\u00e4he von M\u00fcnchen. Und da die Welt des Reitens bekanntlich eine Welt voller Missverst\u00e4ndnisse ist, m\u00f6chte Christina mit jenen \u00fcber das vertikale reiten aufr\u00e4umen. Zum einen sei Vertikal nicht <em>eine<\/em> Methode. Die Reitweise ber\u00fccksichtige das jeweilige Exterieur des Pferdes. Auch bei den Oliveira Stables w\u00e4rmt man das Pferd auf mit Seiteng\u00e4ngen und Flexionen an der Hand. Auch vorw\u00e4rts-abw\u00e4rts sei nicht generell tabu, geh\u00f6re aber in die Reitpausen und nicht in die Arbeit. Versammlung hat eine gro\u00dfe Bedeutung, dennoch fehle es nicht an Schwung: Den holt man sich durch Verst\u00e4rkungen und \u00dcberg\u00e4nge. Auch w\u00fcrde man nicht grunds\u00e4tzlich die H\u00e4nde h\u00f6her halten wie in der klassischen Reitkunst. Man biete nur jungen Pferden Unterst\u00fctzung bei der Kopfhaltung an. Dabei ziehe man aber nicht den Kopf des Pferdes nach oben, sondern verhindere vielmehr, dass er zu tief getragen wird.<\/p>\n<p>Dass man in den sozialen Medien nicht nur die gelungensten Piaffen zeigt, Reiter auch mal auf dem Boden schauen oder die Pferde nicht immer entspannt wirken sei nat\u00fcrlich: Man will nichts verstecken und nicht vort\u00e4uschen, dass Reiten immer funktioniert und eine gem\u00e4hte Wiese ist. Ich empfehle Euch, h\u00f6rt Euch den Podcast an und macht Euch selbst ein Bild und nehmt Euch wie bei jeder AUF TRAB-Episode das mit, was f\u00fcr Euch und Eure Vierbeiner hilfreich ist.<\/p>\n<p>Mehr \u00fcber Vertikal reiten und die verschiedenen Ausbildungsm\u00f6glichkeiten der Oliveira Stables findet ihr auf <a href=\"https:\/\/manueljorgedeoliveira.com\/\">https:\/\/manueljorgedeoliveira.com\/<\/a><\/p>\n<p>Liebe Hypomaniacs, bleibt AUF TRAB, bis zum n\u00e4chsten Samstag, Eure Welshies, Eure Julia Kistner. Wir w\u00fcrden uns freuen, wenn Ihr den Podcast AUF TRAB auf der Podcastplattform Eurer Wahl oder auf YouTube liken und den Kanal abonnieren w\u00fcrdest, damit Du keine Folge mehr verpassen kannst. Und damit noch mehr Pferdefreundinnen auf uns aufmerksam werden.<\/p>\n<p>Musik- und Soundrechte: <a href=\"https:\/\/auftrab.eu\/index.php\/musik-und-soundrechte\/\">https:\/\/auftrab.eu\/index.php\/musik-und-soundrechte\/<\/a><\/p>\n<p>#Pferde #OliveiraStables #ChristinaWunderlich #Pferde #Manuel JorgedeOliveira #vertikal #vorw\u00e4rtsabw\u00e4rts #Kappzaum #Lusitano #AnjaBeran #Exterieur #AufTrab #podcast #reiten #Boxenhaltung #Kopfhaltung<\/p>\n<p>Foto: Oliveira Stables\/Christina Wunderlich<\/p>\n","protected":false},"excerpt":{"rendered":"<p>Ganz ehrlich: Noch nie habe ich eine Reitschule kennengelernt, die in den sozialen Medien so kontroversiell diskutiert wird. Das hat mich sehr neugierig gemacht, weshalb ich unbedingt vom Schmied und nicht vom Schmiedl wissen wollte, was es mit der Reitlehre des Portugiesen Manuel Jorge de Oliveira auf sich hat, den seine Sch\u00fclerinnen den Meister nennen [&hellip;]<\/p>\n","protected":false},"author":1,"featured_media":678,"comment_status":"","ping_status":"","sticky":false,"template":"","format":"standard","meta":{"footnotes":""},"categories":[1],"tags":[],"class_list":["post-677","post","type-post","status-publish","format-standard","has-post-thumbnail","hentry","category-allgemein","has-thumbnail"],"_links":{"self":[{"href":"https:\/\/auftrab.eu\/index.php\/wp-json\/wp\/v2\/posts\/677","targetHints":{"allow":["GET"]}}],"collection":[{"href":"https:\/\/auftrab.eu\/index.php\/wp-json\/wp\/v2\/posts"}],"about":[{"href":"https:\/\/auftrab.eu\/index.php\/wp-json\/wp\/v2\/types\/post"}],"author":[{"embeddable":true,"href":"https:\/\/auftrab.eu\/index.php\/wp-json\/wp\/v2\/users\/1"}],"replies":[{"embeddable":true,"href":"https:\/\/auftrab.eu\/index.php\/wp-json\/wp\/v2\/comments?post=677"}],"version-history":[{"count":0,"href":"https:\/\/auftrab.eu\/index.php\/wp-json\/wp\/v2\/posts\/677\/revisions"}],"wp:featuredmedia":[{"embeddable":true,"href":"https:\/\/auftrab.eu\/index.php\/wp-json\/wp\/v2\/media\/678"}],"wp:attachment":[{"href":"https:\/\/auftrab.eu\/index.php\/wp-json\/wp\/v2\/media?parent=677"}],"wp:term":[{"taxonomy":"category","embeddable":true,"href":"https:\/\/auftrab.eu\/index.php\/wp-json\/wp\/v2\/categories?post=677"},{"taxonomy":"post_tag","embeddable":true,"href":"https:\/\/auftrab.eu\/index.php\/wp-json\/wp\/v2\/tags?post=677"}],"curies":[{"name":"wp","href":"https:\/\/api.w.org\/{rel}","templated":true}]}}