{"id":679,"date":"2022-12-16T20:06:45","date_gmt":"2022-12-16T19:06:45","guid":{"rendered":"https:\/\/auftrab.eu\/index.php\/2022\/12\/16\/gebisslos-reiten-freiwillige-in-der-bretagne-gesucht\/"},"modified":"2022-12-16T20:06:45","modified_gmt":"2022-12-16T19:06:45","slug":"gebisslos-reiten-freiwillige-in-der-bretagne-gesucht","status":"publish","type":"post","link":"https:\/\/auftrab.eu\/index.php\/2022\/12\/16\/gebisslos-reiten-freiwillige-in-der-bretagne-gesucht\/","title":{"rendered":"Gebisslos reiten &#8211; Freiwillige in der Bretagne gesucht"},"content":{"rendered":"<audio class=\"wp-audio-shortcode\" id=\"audio-679-1\" preload=\"none\" style=\"width: 100%;\" controls=\"controls\"><source type=\"audio\/mpeg\" src=\"https:\/\/anchor.fm\/s\/42ab62c8\/podcast\/play\/62253961\/https%3A%2F%2Fd3ctxlq1ktw2nl.cloudfront.net%2Fstaging%2F2022-11-15%2F82daa0ca-3245-92e1-bf0f-c0a42504ed66.mp3?_=1\" \/><a href=\"https:\/\/anchor.fm\/s\/42ab62c8\/podcast\/play\/62253961\/https%3A%2F%2Fd3ctxlq1ktw2nl.cloudfront.net%2Fstaging%2F2022-11-15%2F82daa0ca-3245-92e1-bf0f-c0a42504ed66.mp3\">https:\/\/anchor.fm\/s\/42ab62c8\/podcast\/play\/62253961\/https%3A%2F%2Fd3ctxlq1ktw2nl.cloudfront.net%2Fstaging%2F2022-11-15%2F82daa0ca-3245-92e1-bf0f-c0a42504ed66.mp3<\/a><\/audio>\n<p>Reiten und der Umgang mit Pferden ist vielseitig. So ist auch diese Podcastfolge das komplette Kontrastprogramm zum vertikal reiten. AUF TRAB zu Gast ist Elisabeth Turpitt. Eine Britin, die mit 20 Pferden in der Britagne lebt und auf gebissloses Reiten schw\u00f6rt. Sie m\u00f6chte eine Studie erstellen, wie Pferde gebissloses Reiten annehmen und sich dabei entwickeln. Und sich m\u00f6chte m\u00f6glichst viele Pferdefreundinnen vom gebisslosen Reiten \u00fcberzeugen. Der Schl\u00fcssel zum Erfolg liege hier in der guten Kommunikation mit seinem Pferd. Wenn Elisabeth sich etwa ihren Pferden n\u00e4hert, atmet sie erst einmal tief durch, um ihre Herzschlag auf die ruhigere Frequenz der Pferde zu bringen. Weitere Tipps f\u00fcr den harmonischen Umgang mit Pferden und f\u00fcr gebissloses Reiten gibt Elisabeth Turpitt in der aktuellen AUF TRAB-Podcastfolge.<\/p>\n<p>Elisabeth sucht Volunteers, die ihre Pferde in der Bretagne gebisslos reiten. Hierf\u00fcr verlangt sie nur einen Beitragf\u00fcr die Verpflegung. Stallarbeit werde nicht gefordet. Wer sich \u00fcber ihr Studienprojekt mehr informieren m\u00f6chte findet Sie auf Ihrer Facebook-Gruppe <strong>Bitless Horse Training Experience<\/strong>. Ich selbst kenne Elisabeth Turpitt nur von Facebook und vom Podcasten, nicht pers\u00f6nlich und war auch nie bei ihr in der Bretagne. Daher kann ich Ihre Studienarbeit und ihre Einladung in die Bretagne an freiwillige Teilnehmer aus aller Welt nicht beurteilen.<\/p>\n<p>Das Interview ist in Englisch. Wer es gerne in Deutsch \u00fcbersetzt haben m\u00f6chte, findet beim YouTube-Kanal \u201eAuf Trab&#8220; deutsche Untertitel zum Interview eingeblendet. Ansonsten ist es auch ein gutes Englisch-Training, Elisabeth spricht sehr deutlich. Apropos Training: Anja Beran w\u00fcrde im September nach Schlosshof kommen und hier auch einen Vortag halten. Auch Zuschauer sind erw\u00fcnscht. Um abzusch\u00e4tzen ob ein solcher Kurs gen\u00fcgend Teilnehmerinnen finden w\u00fcrde, w\u00fcrde ich Interessenten bitten sich bei mir unter julia @auftrab.eu zu melden. Sie w\u00fcrde auch gerne einen Theorievortrag in gr\u00f6\u00dferem Rahmen &#8211; mindestens 100 Zuh\u00f6rer &#8211; gerne machen. Wer im Raum Wien hier Interesse h\u00e4tten diesen Vortrag zu organisieren und auch die R\u00e4umlichkeiten h\u00e4tte, der m\u00f6ge sich bitte auch an mich wenden.<\/p>\n<p>Liebe Hypomaniacs, bleibt AUF TRAB, bis zum n\u00e4chsten Samstag, Eure Welshies, Eure Julia Kistner. Wir w\u00fcrden uns freuen, wenn Ihr den Podcast AUF TRAB auf der Podcastplattform Eurer Wahl oder auf YouTube liken und den Kanal abonnieren w\u00fcrdest, damit Du keine Folge mehr verpassen kannst. Und damit noch mehr Pferdefreundinnen auf uns aufmerksam werden.<\/p>\n<p>Musik- und Soundrechte: <a href=\"https:\/\/auftrab.eu\/index.php\/musik-und-soundrechte\/\">https:\/\/auftrab.eu\/index.php\/musik-und-soundrechte\/<\/a><\/p>\n<p>#Pferde #Conemara#ElisabethTurpitt #bitless #gebisslos #Bretagne #Pferdekommunikation #Halfter #Strick #AnjaBeran #Schlosshof #AufTrab #podcast #reiten #Studie #Gratistraining<\/p>\n<p>Foto: Elisabeth Turpitt<\/p>\n","protected":false},"excerpt":{"rendered":"<p>Reiten und der Umgang mit Pferden ist vielseitig. So ist auch diese Podcastfolge das komplette Kontrastprogramm zum vertikal reiten. AUF TRAB zu Gast ist Elisabeth Turpitt. Eine Britin, die mit 20 Pferden in der Britagne lebt und auf gebissloses Reiten schw\u00f6rt. Sie m\u00f6chte eine Studie erstellen, wie Pferde gebissloses Reiten annehmen und sich dabei entwickeln. [&hellip;]<\/p>\n","protected":false},"author":1,"featured_media":680,"comment_status":"","ping_status":"","sticky":false,"template":"","format":"standard","meta":{"footnotes":""},"categories":[1],"tags":[],"class_list":["post-679","post","type-post","status-publish","format-standard","has-post-thumbnail","hentry","category-allgemein","has-thumbnail"],"_links":{"self":[{"href":"https:\/\/auftrab.eu\/index.php\/wp-json\/wp\/v2\/posts\/679","targetHints":{"allow":["GET"]}}],"collection":[{"href":"https:\/\/auftrab.eu\/index.php\/wp-json\/wp\/v2\/posts"}],"about":[{"href":"https:\/\/auftrab.eu\/index.php\/wp-json\/wp\/v2\/types\/post"}],"author":[{"embeddable":true,"href":"https:\/\/auftrab.eu\/index.php\/wp-json\/wp\/v2\/users\/1"}],"replies":[{"embeddable":true,"href":"https:\/\/auftrab.eu\/index.php\/wp-json\/wp\/v2\/comments?post=679"}],"version-history":[{"count":0,"href":"https:\/\/auftrab.eu\/index.php\/wp-json\/wp\/v2\/posts\/679\/revisions"}],"wp:featuredmedia":[{"embeddable":true,"href":"https:\/\/auftrab.eu\/index.php\/wp-json\/wp\/v2\/media\/680"}],"wp:attachment":[{"href":"https:\/\/auftrab.eu\/index.php\/wp-json\/wp\/v2\/media?parent=679"}],"wp:term":[{"taxonomy":"category","embeddable":true,"href":"https:\/\/auftrab.eu\/index.php\/wp-json\/wp\/v2\/categories?post=679"},{"taxonomy":"post_tag","embeddable":true,"href":"https:\/\/auftrab.eu\/index.php\/wp-json\/wp\/v2\/tags?post=679"}],"curies":[{"name":"wp","href":"https:\/\/api.w.org\/{rel}","templated":true}]}}