{"id":762,"date":"2023-08-04T20:41:25","date_gmt":"2023-08-04T18:41:25","guid":{"rendered":"https:\/\/auftrab.eu\/index.php\/2023\/08\/04\/horst-becker-gerade-richten-in-der-biegung\/"},"modified":"2023-08-04T20:41:25","modified_gmt":"2023-08-04T18:41:25","slug":"horst-becker-gerade-richten-in-der-biegung","status":"publish","type":"post","link":"https:\/\/auftrab.eu\/index.php\/2023\/08\/04\/horst-becker-gerade-richten-in-der-biegung\/","title":{"rendered":"Horst Becker: Gerade richten in der Biegung"},"content":{"rendered":"<audio class=\"wp-audio-shortcode\" id=\"audio-762-1\" preload=\"none\" style=\"width: 100%;\" controls=\"controls\"><source type=\"audio\/mpeg\" src=\"https:\/\/anchor.fm\/s\/42ab62c8\/podcast\/play\/74243840\/https%3A%2F%2Fd3ctxlq1ktw2nl.cloudfront.net%2Fstaging%2F2023-7-4%2F8809fd10-651a-fda0-b8f9-a239b5816ea1.mp3?_=1\" \/><a href=\"https:\/\/anchor.fm\/s\/42ab62c8\/podcast\/play\/74243840\/https%3A%2F%2Fd3ctxlq1ktw2nl.cloudfront.net%2Fstaging%2F2023-7-4%2F8809fd10-651a-fda0-b8f9-a239b5816ea1.mp3\">https:\/\/anchor.fm\/s\/42ab62c8\/podcast\/play\/74243840\/https%3A%2F%2Fd3ctxlq1ktw2nl.cloudfront.net%2Fstaging%2F2023-7-4%2F8809fd10-651a-fda0-b8f9-a239b5816ea1.mp3<\/a><\/audio>\n<p><strong>Biege Dein Pferd auf der Geraden und richte gerade in der Biegung!<\/strong><\/p>\n<p>Richte Dein Pferd gerade und reite vorw\u00e4rts. Das ist ein wichtiger Baustein der klassischen Reitkunst, erkl\u00e4rt Trainer Horst Becker in der aktuellen Podcastfolge AUF TRAB. Und gerade richten geht so: Das Pferd bestehtaus mehreren Komponenten. Der Kopf, das Pferdemaul, die Anlehnung und der Z\u00fcgel sind eine Komponente, weitere sind die Vorhand, die Hinterhand. Zwischen Kopf und Vohand ist der Hals und zwischen Vor- und Hinterhand der R\u00fccken. Alle Teile sind in sich sehr beweglich. Deshalb sei es nicht m\u00f6glich auf einer Geraden das Pferd gerade zu richten. Die Schulter kann nach innen, die Krupp nach au\u00dfen und umgekehrt. Man kann das nicht stabilisieren.<\/p>\n<p>Deshalb biegt man das Pferd auf gerader Linie und richtet es gerade auf gebogener Linie. Auf gebogener Linie kann man vom inneren Schenkel zum \u00e4u\u00dferen Schenkel treiben. Auch kann das Pferd auf der gebogenen Linie nur mit einer Komponente nach au\u00dfen ausbrechen, die man dann leichter korrigieren kann.<\/p>\n<p>Den fliegenden Galoppwechsel \u00fcbt Horst auch gerne auf dem Zirkel beziehungsweise der Tour, auch wenn das etwas schwieriger ist. Daf\u00fcr sind sie von Anfang an gerade. <\/p>\n<p>Gerade Richten trainiert Horst schon beim Dreij\u00e4hrigen beim Anlongieren, um dabei den ganz K\u00f6rper durchzuarbeiten. Apropos arbeiten: das sollte man vor allem an seiner eigenen Fitness. Hilfreich sei da Yoga, aber auch klassischer Paartanz, wo Du auf Deinen Rhythmus, die Balance und die K\u00f6perhaltung achtest. Auch Skifahren sei ein gutes Training. Wedeln sei das Wechseln des Schulterherein \u00fcber die Mittellinie und das Carven sei dieselbe Bewegung wie die ZickZack-Traversale.<\/p>\n<p>Gerade richtet man nicht nur in der klassischen Reitkunst, sondern auch im Western- oder Islandpferdetraining. \u00dcbrigens Horst kommt vom 27. bis 29. Oktober 2023 nach Nieder\u00f6sterreich in die wundersch\u00f6ne Reithalle von Maria Theresia ins Festschloss Schlosshof. Wer &#8211; welches Ausbildungsniveau und welche Reitweise auch immer &#8211; Interesse am dreit\u00e4gigen Kurs der klassischen Reitkunst hat kann mir einen Nachricht hinterlassen oder mich per Email, <a href=\"mailto:julia@auftrab.eu\">julia@auftrab.eu<\/a><br \/>\nerreichen. Aktive Teilnahmer:innen sowie Zuschauer:innen sind herzlich willkommen!<\/p>\n<p>Vor allem aber bleib AUF TRAB, bis zum n\u00e4chsten Samstag. Eure Welshies, eure Julia Kistner<\/p>\n<p>\u00a0Musik- und Soundrechte: <a href=\"https:\/\/auftrab.eu\/index.php\/musik-und-soundrechte\/\">\u2060\u2060\u2060\u2060\u2060\u2060\u2060\u2060https:\/\/auftrab.eu\/index.php\/musik-und-soundrechte\/\u2060\u2060\u2060\u2060\u2060\u2060\u2060\u2060<\/a><\/p>\n<p>#Dressur #Reitkunst #Horses #Geraderichten #Korrektur #reiten #podcast<\/p>\n<p>Foto: Horst Becker<\/p>\n","protected":false},"excerpt":{"rendered":"<p>Biege Dein Pferd auf der Geraden und richte gerade in der Biegung! Richte Dein Pferd gerade und reite vorw\u00e4rts. Das ist ein wichtiger Baustein der klassischen Reitkunst, erkl\u00e4rt Trainer Horst Becker in der aktuellen Podcastfolge AUF TRAB. Und gerade richten geht so: Das Pferd bestehtaus mehreren Komponenten. Der Kopf, das Pferdemaul, die Anlehnung und der [&hellip;]<\/p>\n","protected":false},"author":1,"featured_media":763,"comment_status":"","ping_status":"","sticky":false,"template":"","format":"standard","meta":{"footnotes":""},"categories":[1],"tags":[],"class_list":["post-762","post","type-post","status-publish","format-standard","has-post-thumbnail","hentry","category-allgemein","has-thumbnail"],"_links":{"self":[{"href":"https:\/\/auftrab.eu\/index.php\/wp-json\/wp\/v2\/posts\/762","targetHints":{"allow":["GET"]}}],"collection":[{"href":"https:\/\/auftrab.eu\/index.php\/wp-json\/wp\/v2\/posts"}],"about":[{"href":"https:\/\/auftrab.eu\/index.php\/wp-json\/wp\/v2\/types\/post"}],"author":[{"embeddable":true,"href":"https:\/\/auftrab.eu\/index.php\/wp-json\/wp\/v2\/users\/1"}],"replies":[{"embeddable":true,"href":"https:\/\/auftrab.eu\/index.php\/wp-json\/wp\/v2\/comments?post=762"}],"version-history":[{"count":0,"href":"https:\/\/auftrab.eu\/index.php\/wp-json\/wp\/v2\/posts\/762\/revisions"}],"wp:featuredmedia":[{"embeddable":true,"href":"https:\/\/auftrab.eu\/index.php\/wp-json\/wp\/v2\/media\/763"}],"wp:attachment":[{"href":"https:\/\/auftrab.eu\/index.php\/wp-json\/wp\/v2\/media?parent=762"}],"wp:term":[{"taxonomy":"category","embeddable":true,"href":"https:\/\/auftrab.eu\/index.php\/wp-json\/wp\/v2\/categories?post=762"},{"taxonomy":"post_tag","embeddable":true,"href":"https:\/\/auftrab.eu\/index.php\/wp-json\/wp\/v2\/tags?post=762"}],"curies":[{"name":"wp","href":"https:\/\/api.w.org\/{rel}","templated":true}]}}