{"id":764,"date":"2023-08-11T20:05:20","date_gmt":"2023-08-11T18:05:20","guid":{"rendered":"https:\/\/auftrab.eu\/index.php\/2023\/08\/11\/offenstall-was-sonst\/"},"modified":"2023-08-11T20:05:20","modified_gmt":"2023-08-11T18:05:20","slug":"offenstall-was-sonst","status":"publish","type":"post","link":"https:\/\/auftrab.eu\/index.php\/2023\/08\/11\/offenstall-was-sonst\/","title":{"rendered":"Offenstall &#8211; was sonst!"},"content":{"rendered":"<audio class=\"wp-audio-shortcode\" id=\"audio-764-1\" preload=\"none\" style=\"width: 100%;\" controls=\"controls\"><source type=\"audio\/mpeg\" src=\"https:\/\/anchor.fm\/s\/42ab62c8\/podcast\/play\/74517748\/https%3A%2F%2Fd3ctxlq1ktw2nl.cloudfront.net%2Fstaging%2F2023-7-11%2F2f09cfe8-d97a-935f-890f-274327e0c3d2.mp3?_=1\" \/><a href=\"https:\/\/anchor.fm\/s\/42ab62c8\/podcast\/play\/74517748\/https%3A%2F%2Fd3ctxlq1ktw2nl.cloudfront.net%2Fstaging%2F2023-7-11%2F2f09cfe8-d97a-935f-890f-274327e0c3d2.mp3\">https:\/\/anchor.fm\/s\/42ab62c8\/podcast\/play\/74517748\/https%3A%2F%2Fd3ctxlq1ktw2nl.cloudfront.net%2Fstaging%2F2023-7-11%2F2f09cfe8-d97a-935f-890f-274327e0c3d2.mp3<\/a><\/audio>\n<p>Eines vorweg: Ich kann beim Thema Offenstallhaltung \u2013 ja, nein oder jain \u2013 nicht ganz objektiv sein. Weil ich selbst meine Pferde seit vielen Jahren in meinem Offenstall halte. Und ich bin begeistert! Das liegt nat\u00fcrlich auch daran, dass meine Offenstall-Gruppe aus einer Pferdfamilie stammt, ich keine Einsteller habe und somit in meiner kleinen Herde kein Kommen und Gehen ist und viel Harmonie herrscht. <\/p>\n<p>Meinen Offenstall habe ich seit 2005. Begonnen hat alles mit Spat und anderen Verschlei\u00dferscheinungen meines ersten Pferdes, Orlando, einem stattlichen Trakehner, den ich schon in einem schlechten Zustand \u00fcbernommen habe. Die Diagnose, ein nicht mehr reitbares Koppelpferd, wollte ich nicht gelten lassen. Offenst\u00e4lle gab es in meiner Region nicht und Orli war noch dazu gegen\u00fcber Artgenossen kein vertr\u00e4glicher Genosse. Da blieb mir nichts anderes \u00fcbrig, als die Sache selbst in die Hand zu nehmen. Wir zogen mit den Pferden in das d\u00fcnn besiedelte, noch erschwingliche Marchfeld vor den Toren Wiens, um den Traum eines eigenen Stalls nicht erst irgendwann in der Pension, sondern gleich zu realisieren. <\/p>\n<p>Und das war gut so. Nach einem Jahr musste sich Orli zwar immer noch erst lange im Schritt einlaufen, bevor er gerade ging. Nach f\u00fcnf Jahren war von seinen fr\u00fcheren Gelenksschwierigkeiten aber nichts mehr zu sehen. Gleichzeitig war aus meiner \u00e4ngstlichen Tessa, die mir eine Stallkollegin als Begleitpferd f\u00fcr Orli anvertraute ein sehr verl\u00e4ssliches Reit- und Kutschpferd geworden. Also was soll ich Euch sagen: Offenstall und nichts anderes!<\/p>\n<p>Wobei es bestimmt Umst\u00e4nde gibt, wo eine Box die bessere L\u00f6sung sein kann: wenn der Offenstall nicht gut gemanagt wird, etwa zu wenig Platz f\u00fcr jedes Pferd vorhanden ist oder nicht jedes Pferd an den Futtertrog kommt oder keinen ruhigen Schlafplatz hat. Wenn es Engstellen gibt, die rangniedrige Pferde nur mit Verletzungsgefahr passieren k\u00f6nnen. Wenn alte Pferde durch junge gestresst werden, und, und, und\u2026 Aber oft gibt es hier tiergerechte Kompromisse. Wie die aussehen k\u00f6nnen, erz\u00e4hlt mir Stephanie L\u00fcrzel vom Institut f\u00fcr Nutztierhaltung an der Universit\u00e4t f\u00fcr Bodenkultur in Wien in dieser AUF TRAB-Podcastfolge.<\/p>\n<p>\u00dcbrigens: Am 27. bis 29. Oktober 2023 veranstaltet AUF TRAB im Festschloss Schlosshof einen Kurs in Klassischer Reitkunst mit Horst Becker. Einen Platz mit Pferd h\u00e4tten wir noch, weiters Zuschauerpl\u00e4tze. Mehr zur Veranstaltung auf <a href=\"http:\/\/www.auftrab.eu\">www.auftrab.eu<\/a> oder ihr hinterlasst mir eine Nachricht, gerne auch per Email an julia@auftrab.eu<\/p>\n<p>Liebe Hypomaniacs, bleibt AUF TRAB, bist zum n\u00e4chsten Samstag Eure Julia Kistner und Eure Welschies.<\/p>\n<p>Musik- und Soundrechte: <a href=\"https:\/\/auftrab.eu\/index.php\/musik-und-soundrechte\/\">\u2060\u2060\u2060\u2060\u2060\u2060\u2060\u2060https:\/\/auftrab.eu\/index.php\/musik-und-soundrechte\/\u2060\u2060\u2060\u2060\u2060\u2060\u2060\u2060<\/a><\/p>\n<p>#Pferde #Haltung #Tierschutz #Podcast<\/p>\n","protected":false},"excerpt":{"rendered":"<p>Eines vorweg: Ich kann beim Thema Offenstallhaltung \u2013 ja, nein oder jain \u2013 nicht ganz objektiv sein. Weil ich selbst meine Pferde seit vielen Jahren in meinem Offenstall halte. Und ich bin begeistert! Das liegt nat\u00fcrlich auch daran, dass meine Offenstall-Gruppe aus einer Pferdfamilie stammt, ich keine Einsteller habe und somit in meiner kleinen Herde [&hellip;]<\/p>\n","protected":false},"author":1,"featured_media":765,"comment_status":"","ping_status":"","sticky":false,"template":"","format":"standard","meta":{"footnotes":""},"categories":[1],"tags":[],"class_list":["post-764","post","type-post","status-publish","format-standard","has-post-thumbnail","hentry","category-allgemein","has-thumbnail"],"_links":{"self":[{"href":"https:\/\/auftrab.eu\/index.php\/wp-json\/wp\/v2\/posts\/764","targetHints":{"allow":["GET"]}}],"collection":[{"href":"https:\/\/auftrab.eu\/index.php\/wp-json\/wp\/v2\/posts"}],"about":[{"href":"https:\/\/auftrab.eu\/index.php\/wp-json\/wp\/v2\/types\/post"}],"author":[{"embeddable":true,"href":"https:\/\/auftrab.eu\/index.php\/wp-json\/wp\/v2\/users\/1"}],"replies":[{"embeddable":true,"href":"https:\/\/auftrab.eu\/index.php\/wp-json\/wp\/v2\/comments?post=764"}],"version-history":[{"count":0,"href":"https:\/\/auftrab.eu\/index.php\/wp-json\/wp\/v2\/posts\/764\/revisions"}],"wp:featuredmedia":[{"embeddable":true,"href":"https:\/\/auftrab.eu\/index.php\/wp-json\/wp\/v2\/media\/765"}],"wp:attachment":[{"href":"https:\/\/auftrab.eu\/index.php\/wp-json\/wp\/v2\/media?parent=764"}],"wp:term":[{"taxonomy":"category","embeddable":true,"href":"https:\/\/auftrab.eu\/index.php\/wp-json\/wp\/v2\/categories?post=764"},{"taxonomy":"post_tag","embeddable":true,"href":"https:\/\/auftrab.eu\/index.php\/wp-json\/wp\/v2\/tags?post=764"}],"curies":[{"name":"wp","href":"https:\/\/api.w.org\/{rel}","templated":true}]}}