{"id":815,"date":"2023-11-10T23:03:23","date_gmt":"2023-11-10T22:03:23","guid":{"rendered":"https:\/\/auftrab.eu\/index.php\/2023\/11\/10\/auch-pferde-haben-rechte\/"},"modified":"2023-11-10T23:03:23","modified_gmt":"2023-11-10T22:03:23","slug":"auch-pferde-haben-rechte","status":"publish","type":"post","link":"https:\/\/auftrab.eu\/index.php\/2023\/11\/10\/auch-pferde-haben-rechte\/","title":{"rendered":"Auch Pferde haben Rechte!"},"content":{"rendered":"<audio class=\"wp-audio-shortcode\" id=\"audio-815-1\" preload=\"none\" style=\"width: 100%;\" controls=\"controls\"><source type=\"audio\/mpeg\" src=\"https:\/\/anchor.fm\/s\/42ab62c8\/podcast\/play\/78464499\/https%3A%2F%2Fd3ctxlq1ktw2nl.cloudfront.net%2Fstaging%2F2023-10-10%2Fffab3b04-c988-1a58-78ac-490836022de6.mp3?_=1\" \/><a href=\"https:\/\/anchor.fm\/s\/42ab62c8\/podcast\/play\/78464499\/https%3A%2F%2Fd3ctxlq1ktw2nl.cloudfront.net%2Fstaging%2F2023-10-10%2Fffab3b04-c988-1a58-78ac-490836022de6.mp3\">https:\/\/anchor.fm\/s\/42ab62c8\/podcast\/play\/78464499\/https%3A%2F%2Fd3ctxlq1ktw2nl.cloudfront.net%2Fstaging%2F2023-10-10%2Fffab3b04-c988-1a58-78ac-490836022de6.mp3<\/a><\/audio>\n<p>\u201eDem Durchschnittspferd geht es nicht schlechter als fr\u00fcher\u201c, meint Verhaltensbiologin Marlitt Wendt. Die Haltungs- und gesundheitlichen<br \/>\nBedingungen h\u00e4tten sich sehr verbessert, allerdings g\u00e4be es zum Teil krasse Anspr\u00fcche, die an das Pferd im sportlichen, aber auch Freizeitbereich gestellt werden. Oftmals versucht man sich \u00fcber das Pferd darstellen. Hier sollte man sich einmal die<br \/>\ngenerelle Frage stellen: Was d\u00fcrfen wir mit Nutztieren, speziell mit Pferden<br \/>\nmachen?<\/p>\n<p>So sei ein Pferd eigentlich nicht daf\u00fcr geboren, Gewicht auf den R\u00fccken zu tragen. Man muss es daf\u00fcr ausbilden und auch das richtige Pferd vom K\u00f6rperbau, Alter, Psyche etc. aussuchen, dass den eigenen reiterlichen Anspr\u00fcchen auch gerecht werden kann.<\/p>\n<p>Weder Menschen, noch Pferde ticken gleich. Schon gar nicht tickt das Pferd wie der Mensch. Hier sollte man mehr auf die Pferdebed\u00fcrfnisse und vor allem auf die individuellen Erfordernisse seines Pferdes achten. Beispielsweise nicht sein Pferd zudecken oder auch nicht zudecken, nur weil es der ganze Stall so macht. <\/p>\n<p>Pferde kann es je nach Charakter auch schon auf den Magen schlagen, wenn man laut wird. Apropos Pferdemagen: womit man ihn am besten f\u00fcllt, sollte man auch individuell mit der Futterberaterin oder Tier\u00e4rztin seines Vertrauens besprechen. Auch Heu-Analysen, die zum Beispiel veterin\u00e4rmedizinische Universit\u00e4ten f\u00fcr leistbares Geld durchf\u00fchren, seien sehr sinnvoll.<\/p>\n<p>Oft braucht es auch nicht viel finanziellen und baulichen Aufwand, um dem Pferd den Alltag angenehmer zu gestalten. Marlitts Tipp: Das Paddock-Trail-Konzept. Gemeint ist ein abgesteckter Rundlauf um eine Fl\u00e4che herum, der Bewegung erm\u00f6glicht. Das kann ein abgesteckter Weg um ein Stall- oder Hallengeb\u00e4ude oder um eine Wiese sein. Eventuell ist die Stallbesitzerin ja auch offen f\u00fcr eine Doppelnutzung der Halle \u2013 nachts als Schlafplatz f\u00fcr die Herde. Auch wenn darunter nat\u00fcrlich der Hallenboden leiden kann, machbar sei alles. <\/p>\n<p>Die \u201eRechte der Pferde\u201c hei\u00dft auch Marlitt Wendts neues Buch, erschienen im Kosmos-Verlag. In ihm findet ihr auch sehr viele rechtliche Vorschriften f\u00fcr die Haltung und Nutzung von Pferden.<\/p>\n<p>Am Schluss zitiert Marlitt den inzwischen verstorbenen Pferdefachmann Hans-Heinrich Isenbart: \u201eVergessen Sie die Pferde nicht\u201c &#8230;<\/p>\n<p>&#8230; womit schon alles gesagt w\u00e4re. Fast alles: Wenn Euch dieser Podcast gefallen hat w\u00fcrden wir uns freuen, wenn ihr ihn abonniert, liked und weiterempfiehlt. Es danken Eure Welshies und Julia Kistner<\/p>\n<p>Musik- und Soundrechte: <a href=\"https:\/\/auftrab.eu\/index.php\/musik-und-soundrechte\/\">\u2060\u2060\u2060\u2060\u2060\u2060\u2060\u2060\u2060\u2060https:\/\/auftrab.eu\/index.php\/musik-und-soundrechte\/\u2060\u2060\u2060\u2060\u2060\u2060\u2060\u2060\u2060\u2060<\/a><\/p>\n<p>#Pferde #Pferdehaltung #Reitsport #Pferderecht #pferdegerecht #Podcast<\/p>\n<p>#Foto: Marlitt Wendt \/Bearbeitung AUF TRAB<\/p>\n","protected":false},"excerpt":{"rendered":"<p>\u201eDem Durchschnittspferd geht es nicht schlechter als fr\u00fcher\u201c, meint Verhaltensbiologin Marlitt Wendt. Die Haltungs- und gesundheitlichen Bedingungen h\u00e4tten sich sehr verbessert, allerdings g\u00e4be es zum Teil krasse Anspr\u00fcche, die an das Pferd im sportlichen, aber auch Freizeitbereich gestellt werden. Oftmals versucht man sich \u00fcber das Pferd darstellen. Hier sollte man sich einmal die generelle Frage [&hellip;]<\/p>\n","protected":false},"author":1,"featured_media":816,"comment_status":"","ping_status":"","sticky":false,"template":"","format":"standard","meta":{"footnotes":""},"categories":[1],"tags":[],"class_list":["post-815","post","type-post","status-publish","format-standard","has-post-thumbnail","hentry","category-allgemein","has-thumbnail"],"_links":{"self":[{"href":"https:\/\/auftrab.eu\/index.php\/wp-json\/wp\/v2\/posts\/815","targetHints":{"allow":["GET"]}}],"collection":[{"href":"https:\/\/auftrab.eu\/index.php\/wp-json\/wp\/v2\/posts"}],"about":[{"href":"https:\/\/auftrab.eu\/index.php\/wp-json\/wp\/v2\/types\/post"}],"author":[{"embeddable":true,"href":"https:\/\/auftrab.eu\/index.php\/wp-json\/wp\/v2\/users\/1"}],"replies":[{"embeddable":true,"href":"https:\/\/auftrab.eu\/index.php\/wp-json\/wp\/v2\/comments?post=815"}],"version-history":[{"count":0,"href":"https:\/\/auftrab.eu\/index.php\/wp-json\/wp\/v2\/posts\/815\/revisions"}],"wp:featuredmedia":[{"embeddable":true,"href":"https:\/\/auftrab.eu\/index.php\/wp-json\/wp\/v2\/media\/816"}],"wp:attachment":[{"href":"https:\/\/auftrab.eu\/index.php\/wp-json\/wp\/v2\/media?parent=815"}],"wp:term":[{"taxonomy":"category","embeddable":true,"href":"https:\/\/auftrab.eu\/index.php\/wp-json\/wp\/v2\/categories?post=815"},{"taxonomy":"post_tag","embeddable":true,"href":"https:\/\/auftrab.eu\/index.php\/wp-json\/wp\/v2\/tags?post=815"}],"curies":[{"name":"wp","href":"https:\/\/api.w.org\/{rel}","templated":true}]}}