{"id":954,"date":"2024-07-12T22:26:34","date_gmt":"2024-07-12T20:26:34","guid":{"rendered":"https:\/\/auftrab.eu\/index.php\/2024\/07\/12\/therapeutisches-reiten-so-sattelst-du-beruflich-um\/"},"modified":"2024-07-12T22:26:34","modified_gmt":"2024-07-12T20:26:34","slug":"therapeutisches-reiten-so-sattelst-du-beruflich-um","status":"publish","type":"post","link":"https:\/\/auftrab.eu\/index.php\/2024\/07\/12\/therapeutisches-reiten-so-sattelst-du-beruflich-um\/","title":{"rendered":"Therapeutisches Reiten &#8211; so sattelst Du beruflich um!"},"content":{"rendered":"<audio class=\"wp-audio-shortcode\" id=\"audio-954-1\" preload=\"none\" style=\"width: 100%;\" controls=\"controls\"><source type=\"audio\/mpeg\" src=\"https:\/\/anchor.fm\/s\/42ab62c8\/podcast\/play\/89032549\/https%3A%2F%2Fd3ctxlq1ktw2nl.cloudfront.net%2Fstaging%2F2024-6-12%2Fecaa2af8-6676-2e52-d5ef-3e292cec7ff0.mp3?_=1\" \/><a href=\"https:\/\/anchor.fm\/s\/42ab62c8\/podcast\/play\/89032549\/https%3A%2F%2Fd3ctxlq1ktw2nl.cloudfront.net%2Fstaging%2F2024-6-12%2Fecaa2af8-6676-2e52-d5ef-3e292cec7ff0.mp3\">https:\/\/anchor.fm\/s\/42ab62c8\/podcast\/play\/89032549\/https%3A%2F%2Fd3ctxlq1ktw2nl.cloudfront.net%2Fstaging%2F2024-6-12%2Fecaa2af8-6676-2e52-d5ef-3e292cec7ff0.mp3<\/a><\/audio>\n<p>Endlich Urlaub! Und in der sch\u00f6nsten Zeit des Jahres kommt man schon einmal ins Gr\u00fcbeln ob der Beruf, den man Tag f\u00fcr Tag aus\u00fcbt, f\u00fcr einen auch noch die Berufung ist.<\/p>\n<p>Wollte man nicht eigentlich immer irgend etwas mit<br \/>\nPferden machen? Genaugenommen nicht irgend etwas, sondern etwas, was auch Sinn macht?<\/p>\n<p>AUF TRAB h\u00e4tte da f\u00fcr Euch einen Ausbildungstipp: Das \u00d6sterreichische Kuratorium f\u00fcr Therapeutisches Reiten, kurz OKTR, startet im August den Basislehrgang f\u00fcr alle Sparten des therapeutischen Reitens. Konkret hei\u00dft der Lehrgang \u201eFachassistent*in pferdegest\u00fctzte Interventionen\u201c. Bis sp\u00e4testens 25. Juli kann man sein Bewerbungsvideo einreichen. Ein weiterer Lehrgang startet im Oktober. N\u00e4here Info auf <a href=\"http:\/\/www.oktr.at\">http:\/\/www.oktr.at<\/a>. <\/p>\n<p>Hier erfahrt ihr ebenso inwieweit die OKTR-Ausbildungen auch in Deutschland oder Schweiz anerkannt werden. <\/p>\n<p>Um euch auf therapeutisches Reiten und die nette wie kompetente Lehrgangsleiterin Irmgard Kronsteiner einzustimmen habe ich sie gebeten bei AUF TRAB unser Gast zu sein. Die Frage, was sie am therapeutischen Reiten so fasziniert, beantwortet sie mit einem magischen Moment mit einer Klientin: \u201eEinmal bin ich mit einem M\u00e4dchen in der Therapie durch den herbstlichen Wald einfach so meditativ dahingegangen. Ich f\u00fchrte das Pferd, das M\u00e4dchen ist oben gesessen und wir haben nur das Rascheln der Bl\u00e4tter<br \/>\nunter den Hufen des Pferdes geh\u00f6rt und gesp\u00fcrt. Es war ein wunderbarer Moment und dann drehte ich mich um und blickte in ein strahlendes M\u00e4dchengesicht. Ich fragte Sie: Wie geht&#039;s dir? Gef\u00e4llt dir das? Sie schaute mich mit leuchtenden Augen an und sagte, ich habe immer davon getr\u00e4umt auf einem wei\u00dfen Pferd durch den Wald zu reiten und heute, heute ist dieser Traum wahr geworden\u201c.<\/p>\n<p>Viel H\u00f6rvergn\u00fcgen w\u00fcnschen Euch Julia und die Welshies.<\/p>\n<p>Musik- und Soundrechte: \u2060\u2060\u2060\u2060\u2060\u2060\u2060\u2060\u2060\u2060\u2060\u2060\u2060\u2060\u2060\u2060\u2060\u2060\u2060\u2060\u2060https:\/\/auftrab.eu\/index.php\/musik-und-soundrechte\/\u2060\u2060\u2060\u2060\u2060\u2060\u2060\u2060\u2060\u2060\u2060\u2060\u2060\u2060\u2060\u2060\u2060\u2060\u2060\u2060\u2060<\/p>\n<p>#Therapeutische_Reiten #Pferd #Ausbildung #pferdegest\u00fctzte_Intervention #podcast<\/p>\n<p>Foto: #OKTR \/Irmgard Kronsteiner<\/p>\n<p><strong>\u00a0<\/strong><\/p>\n","protected":false},"excerpt":{"rendered":"<p>Endlich Urlaub! Und in der sch\u00f6nsten Zeit des Jahres kommt man schon einmal ins Gr\u00fcbeln ob der Beruf, den man Tag f\u00fcr Tag aus\u00fcbt, f\u00fcr einen auch noch die Berufung ist. Wollte man nicht eigentlich immer irgend etwas mit Pferden machen? Genaugenommen nicht irgend etwas, sondern etwas, was auch Sinn macht? AUF TRAB h\u00e4tte da [&hellip;]<\/p>\n","protected":false},"author":1,"featured_media":955,"comment_status":"","ping_status":"","sticky":false,"template":"","format":"standard","meta":{"footnotes":""},"categories":[1],"tags":[],"class_list":["post-954","post","type-post","status-publish","format-standard","has-post-thumbnail","hentry","category-allgemein","has-thumbnail"],"_links":{"self":[{"href":"https:\/\/auftrab.eu\/index.php\/wp-json\/wp\/v2\/posts\/954","targetHints":{"allow":["GET"]}}],"collection":[{"href":"https:\/\/auftrab.eu\/index.php\/wp-json\/wp\/v2\/posts"}],"about":[{"href":"https:\/\/auftrab.eu\/index.php\/wp-json\/wp\/v2\/types\/post"}],"author":[{"embeddable":true,"href":"https:\/\/auftrab.eu\/index.php\/wp-json\/wp\/v2\/users\/1"}],"replies":[{"embeddable":true,"href":"https:\/\/auftrab.eu\/index.php\/wp-json\/wp\/v2\/comments?post=954"}],"version-history":[{"count":0,"href":"https:\/\/auftrab.eu\/index.php\/wp-json\/wp\/v2\/posts\/954\/revisions"}],"wp:featuredmedia":[{"embeddable":true,"href":"https:\/\/auftrab.eu\/index.php\/wp-json\/wp\/v2\/media\/955"}],"wp:attachment":[{"href":"https:\/\/auftrab.eu\/index.php\/wp-json\/wp\/v2\/media?parent=954"}],"wp:term":[{"taxonomy":"category","embeddable":true,"href":"https:\/\/auftrab.eu\/index.php\/wp-json\/wp\/v2\/categories?post=954"},{"taxonomy":"post_tag","embeddable":true,"href":"https:\/\/auftrab.eu\/index.php\/wp-json\/wp\/v2\/tags?post=954"}],"curies":[{"name":"wp","href":"https:\/\/api.w.org\/{rel}","templated":true}]}}