{"id":980,"date":"2024-10-05T10:23:07","date_gmt":"2024-10-05T08:23:07","guid":{"rendered":"https:\/\/auftrab.eu\/index.php\/2024\/10\/05\/pferde-leid-aus-unwissenheit\/"},"modified":"2024-10-05T10:23:07","modified_gmt":"2024-10-05T08:23:07","slug":"pferde-leid-aus-unwissenheit","status":"publish","type":"post","link":"https:\/\/auftrab.eu\/index.php\/2024\/10\/05\/pferde-leid-aus-unwissenheit\/","title":{"rendered":"Pferde-Leid aus Unwissenheit"},"content":{"rendered":"<audio class=\"wp-audio-shortcode\" id=\"audio-980-1\" preload=\"none\" style=\"width: 100%;\" controls=\"controls\"><source type=\"audio\/mpeg\" src=\"https:\/\/anchor.fm\/s\/42ab62c8\/podcast\/play\/92545880\/https%3A%2F%2Fd3ctxlq1ktw2nl.cloudfront.net%2Fstaging%2F2024-9-3%2F7bb4f48d-f0a0-e147-dca9-f8fc4a62ebe3.mp3?_=1\" \/><a href=\"https:\/\/anchor.fm\/s\/42ab62c8\/podcast\/play\/92545880\/https%3A%2F%2Fd3ctxlq1ktw2nl.cloudfront.net%2Fstaging%2F2024-9-3%2F7bb4f48d-f0a0-e147-dca9-f8fc4a62ebe3.mp3\">https:\/\/anchor.fm\/s\/42ab62c8\/podcast\/play\/92545880\/https%3A%2F%2Fd3ctxlq1ktw2nl.cloudfront.net%2Fstaging%2F2024-9-3%2F7bb4f48d-f0a0-e147-dca9-f8fc4a62ebe3.mp3<\/a><\/audio>\n<p>\u201eHabt ihr Euch mal \u00fcberlegt, warum die Pferde, wenn sie den ganzen Tag auf der Weide grasten auf dem Weg zum Stall immer noch st\u00e4ndig zum Gras ziehen? Nicht weil sie dominant oder verfressen sind, sondern weil sie sich nicht selbst regulieren k\u00f6nnen\u201c erkl\u00e4rt Pferdetrainer Timo Ameruoso, \u201esie bauen \u00fcber das Grasen Druck oder Stress ab.\u201c<\/p>\n<p>Es sei auch nicht Neugierde, wenn das Pferd den Kopf zum Sattel dreht, sondern ein Abwehrmuster. \u201eVieles ist reine Interpretationssache des Pferdebesitzers, wenn eine Person sagt, ihrem Pferd macht das Reiten im Gel\u00e4nde oder auf dem Dressurplatz Spa\u00df. Woher wei\u00df sie das?\u201c, will Timo damit nur alle Reiter anregen ihr Wissen und ihre Handlungen st\u00e4ndig zu hinterfragen und vor allem<br \/>\nauch das ihrer Trainerinnen. <\/p>\n<p>Ob ich mein Pferd nur konditioniere oder mit ihm kommuniziere sei ein gro\u00dfer Unterschied. Die feine Kommunikation sei so wichtig, weil Pferde allt\u00e4gliche<br \/>\nGewalt erfahren, die man nicht sieht. Das geschieht unbemerkt aufgrund falscher \u00fcberlieferter Narrative in der Reitkultur und der Haltung, weil wir sie zu wenig beobachten, zu wenig Zeit mit ihnen abseits des Reitplatzes verbringen oder einfach auch aus Unwissenheit.<\/p>\n<p>\u201eEin Beispiel ist die Zucht, wo man die Fohlen schon mit sechs Monaten von ihren M\u00fcttern trennt und nur zu Gleichaltrigen stellt. Daf\u00fcr gibt es in der Natur kein Vorbild, in der Fohlen von der Mutter erst mit einem Jahr \u00fcber<br \/>\nmehrere Wochen sukzessive abgesetzt werden. Von Null bis einem Jahr besitzt das Fohlen keine Selbstregulation und wenn es sich erschreckt kann es sich nicht selbst beruhigen, braucht die Mama und trinkt oder stellt sich nah zum Vater.<\/p>\n<\/p>\n<p>Ein weiteres Beispiel von angewandter allt\u00e4glicher Gewalt, die man nicht sieht sei etwa das falsche Gurten, so Timo, \u201eich sollte meinem Pferd das Gef\u00fchl geben, das Reiten belanglos ist. Ansonsten versucht das Gehirn nur krampfhaft L\u00f6sungen zu finden. Beim Satteln sollte man  eigentlich so weit sein, dass man dabei das Pferd nicht anbinden muss  und sollte dabei auf die Atmung des Pferdes achten. Beim Einatmen wird  der Bauch des Pferdes dick, beim Ausatmen zieht er sich zusammen und wir ziehen dabei den Gurt vorsichtig an.\u201c Damit werde das Gurten zwanglos  und belanglos.<br \/>Weitere Beispiele f\u00fcr Gewalt am Pferd, die man nicht  sieht, nennt Timo in dieser AUF TRAB-Podcast-Folge, die diesmal tiefer<br \/>\nin die Psychologie der Pferde eintaucht.<br \/>Viel H\u00f6rvergn\u00fcgen w\u00fcnschen Julia und ihre Welshies<br \/>Praktische Tipps von Timo findet ihr auch auf seinem Insta-Kanal<br \/>\nameruoso_official, wo ihr ihn auch immer wieder Fragen live stellen<br \/>\nk\u00f6nnt. \u00a0AUF TRAB k\u00f6nnt ihr nat\u00fcrlich auch jeder Zeit Fragen stellen. Wir  freuen uns auf eure Kommentare, bzw. schreibt uns an <a href=\"mailto:julia@auftrab.eu\">julia@auftrab.eu<\/a><\/p>\n<p>Musik- und Soundrechte: \u2060\u2060\u2060\u2060\u2060\u2060\u2060\u2060\u2060\u2060\u2060\u2060\u2060\u2060\u2060\u2060\u2060\u2060\u2060\u2060\u2060https:\/\/auftrab.eu\/index.php\/musik-und-soundrechte\/<\/p>\n<p>\u2060\u2060\u2060\u2060\u2060\u2060\u2060\u2060\u2060\u2060\u2060\u2060\u2060\u2060\u2060\u2060\u2060\u2060\u2060\u2060\u2060#Gewalt #Psychologie #Kommunikation #pferde #Pferde #Podcast <\/p>\n<p>Foto: Timo Ameruoso<\/p>\n<p>\u00a0<\/p>\n","protected":false},"excerpt":{"rendered":"<p>\u201eHabt ihr Euch mal \u00fcberlegt, warum die Pferde, wenn sie den ganzen Tag auf der Weide grasten auf dem Weg zum Stall immer noch st\u00e4ndig zum Gras ziehen? Nicht weil sie dominant oder verfressen sind, sondern weil sie sich nicht selbst regulieren k\u00f6nnen\u201c erkl\u00e4rt Pferdetrainer Timo Ameruoso, \u201esie bauen \u00fcber das Grasen Druck oder Stress [&hellip;]<\/p>\n","protected":false},"author":1,"featured_media":981,"comment_status":"","ping_status":"","sticky":false,"template":"","format":"standard","meta":{"footnotes":""},"categories":[1],"tags":[],"class_list":["post-980","post","type-post","status-publish","format-standard","has-post-thumbnail","hentry","category-allgemein","has-thumbnail"],"_links":{"self":[{"href":"https:\/\/auftrab.eu\/index.php\/wp-json\/wp\/v2\/posts\/980","targetHints":{"allow":["GET"]}}],"collection":[{"href":"https:\/\/auftrab.eu\/index.php\/wp-json\/wp\/v2\/posts"}],"about":[{"href":"https:\/\/auftrab.eu\/index.php\/wp-json\/wp\/v2\/types\/post"}],"author":[{"embeddable":true,"href":"https:\/\/auftrab.eu\/index.php\/wp-json\/wp\/v2\/users\/1"}],"replies":[{"embeddable":true,"href":"https:\/\/auftrab.eu\/index.php\/wp-json\/wp\/v2\/comments?post=980"}],"version-history":[{"count":0,"href":"https:\/\/auftrab.eu\/index.php\/wp-json\/wp\/v2\/posts\/980\/revisions"}],"wp:featuredmedia":[{"embeddable":true,"href":"https:\/\/auftrab.eu\/index.php\/wp-json\/wp\/v2\/media\/981"}],"wp:attachment":[{"href":"https:\/\/auftrab.eu\/index.php\/wp-json\/wp\/v2\/media?parent=980"}],"wp:term":[{"taxonomy":"category","embeddable":true,"href":"https:\/\/auftrab.eu\/index.php\/wp-json\/wp\/v2\/categories?post=980"},{"taxonomy":"post_tag","embeddable":true,"href":"https:\/\/auftrab.eu\/index.php\/wp-json\/wp\/v2\/tags?post=980"}],"curies":[{"name":"wp","href":"https:\/\/api.w.org\/{rel}","templated":true}]}}