{"id":982,"date":"2024-10-11T15:45:22","date_gmt":"2024-10-11T13:45:22","guid":{"rendered":"https:\/\/auftrab.eu\/index.php\/2024\/10\/11\/dr-gerd-heuschmann-die-richtige-so-wichtige-kopfhaltung\/"},"modified":"2024-10-11T15:45:22","modified_gmt":"2024-10-11T13:45:22","slug":"dr-gerd-heuschmann-die-richtige-so-wichtige-kopfhaltung","status":"publish","type":"post","link":"https:\/\/auftrab.eu\/index.php\/2024\/10\/11\/dr-gerd-heuschmann-die-richtige-so-wichtige-kopfhaltung\/","title":{"rendered":"Dr. Gerd Heuschmann: Die richtige, so wichtige Kopfhaltung"},"content":{"rendered":"<audio class=\"wp-audio-shortcode\" id=\"audio-982-1\" preload=\"none\" style=\"width: 100%;\" controls=\"controls\"><source type=\"audio\/mpeg\" src=\"https:\/\/anchor.fm\/s\/42ab62c8\/podcast\/play\/92809409\/https%3A%2F%2Fd3ctxlq1ktw2nl.cloudfront.net%2Fstaging%2F2024-9-10%2Fbe6e1f24-a821-7cf6-0b5e-b075f7ab320a.mp3?_=1\" \/><a href=\"https:\/\/anchor.fm\/s\/42ab62c8\/podcast\/play\/92809409\/https%3A%2F%2Fd3ctxlq1ktw2nl.cloudfront.net%2Fstaging%2F2024-9-10%2Fbe6e1f24-a821-7cf6-0b5e-b075f7ab320a.mp3\">https:\/\/anchor.fm\/s\/42ab62c8\/podcast\/play\/92809409\/https%3A%2F%2Fd3ctxlq1ktw2nl.cloudfront.net%2Fstaging%2F2024-9-10%2Fbe6e1f24-a821-7cf6-0b5e-b075f7ab320a.mp3<\/a><\/audio>\n<p>\u201eDie Deutschen und die Holl\u00e4nder sagen die Nase muss runter und ziehen dem Pferd die Nase vor die Brust. Die Franzosen sagen, nein, den Hals muss man hochstellen. Jede k\u00fcnstliche Halsposition geht aber auf Kosten des<br \/>\nPferdes, denn Hals und Kopf sind die Balance-Stange\u201c, kritisiert der prominente deutsche Tierarzt und Trainer Gerd Heuschmann in der aktuellen AUF TRAB-Podcast-Folge.<\/p>\n<p>Jeder sei bestimmt einmal mit einem Rucksack auf einen Berg gegangen und hat ihn vielleicht etwas schwerer bepackt als es vern\u00fcnftig ist: \u201eWir Menschen haben einen sehr kurzen Hals aber wir haben einen relativ schweren Kopf. Also neigen wir Kopf und Hals in der K\u00f6rperachse im Verlauf der Wirbels\u00e4ule nach vorne, quasi gegen den Berg damit wir das Gewicht auf dem R\u00fccken kompensieren und<br \/>\nausbalancieren k\u00f6nnen. Genau das Gleiche macht das Pferd in dem Moment, wo wir als Ballast auf seinem R\u00fccken sitzen und ihn in der Mitte belasten. Das Pferd wird nat\u00fcrlicherweise seinen Hals in die Position bringen, die wieder eine neutrale entspannte Rumpfmuskulatur zul\u00e4sst oder wo das Pferd diese entspannte Rumpfmuskulatur<br \/>\nbekommen kann, wenn sich der Reiter richtig verh\u00e4lt.\u201c<\/p>\n<p>Der zweite Begriff in unserer Ausbildungsskala sei bekanntlich Losgelassenheit, betont Gerd Heuschmann, \u201edies beschreibt einen geschmeidig schwingenden R\u00fccken im Trab. Einen nicht verspannten R\u00fccken, der im Idealfall dazu f\u00fchrt, wenn der Takt und die Losgelassenheit zusammenfinden, dass das Pferd Anlehnung sucht. Dann f\u00e4ngt der R\u00fccken an zu schwingen und das gelingt mir halt nur, wenn die Kopf-Hals-Haltung eine ganz nat\u00fcrliche ist. Wenn ich sie hingegen dogmatisch betrachte und irgendwo das Pferd hinstelle, dann werden sich R\u00fccken, Rumpf und die Muskelatur verspannen und dann habe ich immer ein Problem.\u201c<br \/>Wichtig sei die Anatomie des Pferdes zu kennen, dass die<br \/>\nWirbels\u00e4ule n\u00e4mlich nicht am M\u00e4hnenkamm entlang l\u00e4uft. Tats\u00e4chlich beginnt sie mit dem ersten Halswirbel Atlas hinter den Ohren im Genick, dort wo das Genickst\u00fcck<br \/>\nder Trense liegt. \u201eMacht man die Hand ganz breit auseinander dann kann man die Atlas Fl\u00fcgel f\u00fchlen. Der zweite Halswirbel taucht dann schon so ein bisschen<br \/>\nrunter und der dritte, vierte, f\u00fcnfte, sechste Halswirbel kann man quasi dann unten, oberhalb der Luftr\u00f6hre f\u00fchlen, wenn man den Unterhals in die Hand nimmt.\u201c Oben auf dem Widerrist setzt das Nackenband an.<\/p>\n<p>Warum die Anatomie so wichtig ist, erkl\u00e4rt Gerd Heuschmann in der aktuellen AUF TRAB-Podcastfolge, vor allem auch, was man tun kann, wenn der R\u00fccken des Pferdes bei falscher Halshaltung durch fehlerhaftes Reiten v\u00f6llig<br \/>\nverspannt ist.<\/p>\n<p>So viel kann ich spoilern: Einem Rumpf-verspannten Pferd das sich den Reiterhilfen entzieht, indem es den Kopf in die H\u00f6he streckt und wegrennt oder sich auch einrollt muss man durch Dehnungs\u00fcbungen die Nase wieder nach vorne<br \/>\nbringen. Dazu muss man mit sehr kurzen Steigb\u00fcgeln reiten und den Z\u00fcgel am Ende an der Schnalle halten und am langen Z\u00fcgel lange im Schritt reiten. Vorsicht, dazu braucht es gute reiterliche Kenntnisse, weil rumpf-verspannte Pferde erst einmal losbuckeln k\u00f6nnen.<\/p>\n<p>Viel H\u00f6r- und Lernvergn\u00fcgen w\u00fcnschen Julia und die Welshies, die sich \u00fcber Likes, Abos und Kommentare freuen.<\/p>\n<p>Musik- und Soundrechte: \u2060\u2060\u2060\u2060\u2060\u2060\u2060\u2060\u2060\u2060\u2060\u2060\u2060\u2060\u2060\u2060\u2060\u2060\u2060\u2060\u2060https:\/\/auftrab.eu\/index.php\/musik-und-soundrechte\/<\/p>\n<p>\u2060\u2060\u2060\u2060\u2060\u2060\u2060\u2060\u2060\u2060\u2060\u2060\u2060\u2060\u2060\u2060\u2060\u2060\u2060\u2060\u2060#Pferdehals #Rumpf #Verspannung #Takt #Losgelassenheit #Pferde #Podcast <\/p>\n<p>Foto: #GerdHeuschmann<\/p>\n<p>\u00a0<\/p>\n<p>\u00a0<\/p>\n","protected":false},"excerpt":{"rendered":"<p>\u201eDie Deutschen und die Holl\u00e4nder sagen die Nase muss runter und ziehen dem Pferd die Nase vor die Brust. Die Franzosen sagen, nein, den Hals muss man hochstellen. Jede k\u00fcnstliche Halsposition geht aber auf Kosten des Pferdes, denn Hals und Kopf sind die Balance-Stange\u201c, kritisiert der prominente deutsche Tierarzt und Trainer Gerd Heuschmann in der [&hellip;]<\/p>\n","protected":false},"author":1,"featured_media":983,"comment_status":"","ping_status":"","sticky":false,"template":"","format":"standard","meta":{"footnotes":""},"categories":[1],"tags":[],"class_list":["post-982","post","type-post","status-publish","format-standard","has-post-thumbnail","hentry","category-allgemein","has-thumbnail"],"_links":{"self":[{"href":"https:\/\/auftrab.eu\/index.php\/wp-json\/wp\/v2\/posts\/982","targetHints":{"allow":["GET"]}}],"collection":[{"href":"https:\/\/auftrab.eu\/index.php\/wp-json\/wp\/v2\/posts"}],"about":[{"href":"https:\/\/auftrab.eu\/index.php\/wp-json\/wp\/v2\/types\/post"}],"author":[{"embeddable":true,"href":"https:\/\/auftrab.eu\/index.php\/wp-json\/wp\/v2\/users\/1"}],"replies":[{"embeddable":true,"href":"https:\/\/auftrab.eu\/index.php\/wp-json\/wp\/v2\/comments?post=982"}],"version-history":[{"count":0,"href":"https:\/\/auftrab.eu\/index.php\/wp-json\/wp\/v2\/posts\/982\/revisions"}],"wp:featuredmedia":[{"embeddable":true,"href":"https:\/\/auftrab.eu\/index.php\/wp-json\/wp\/v2\/media\/983"}],"wp:attachment":[{"href":"https:\/\/auftrab.eu\/index.php\/wp-json\/wp\/v2\/media?parent=982"}],"wp:term":[{"taxonomy":"category","embeddable":true,"href":"https:\/\/auftrab.eu\/index.php\/wp-json\/wp\/v2\/categories?post=982"},{"taxonomy":"post_tag","embeddable":true,"href":"https:\/\/auftrab.eu\/index.php\/wp-json\/wp\/v2\/tags?post=982"}],"curies":[{"name":"wp","href":"https:\/\/api.w.org\/{rel}","templated":true}]}}