{"id":990,"date":"2024-11-08T20:59:17","date_gmt":"2024-11-08T19:59:17","guid":{"rendered":"https:\/\/auftrab.eu\/index.php\/2024\/11\/08\/tierschutz-taeglich-leben\/"},"modified":"2024-11-08T20:59:17","modified_gmt":"2024-11-08T19:59:17","slug":"tierschutz-taeglich-leben","status":"publish","type":"post","link":"https:\/\/auftrab.eu\/index.php\/2024\/11\/08\/tierschutz-taeglich-leben\/","title":{"rendered":"Tierschutz t\u00e4glich leben"},"content":{"rendered":"<audio class=\"wp-audio-shortcode\" id=\"audio-990-1\" preload=\"none\" style=\"width: 100%;\" controls=\"controls\"><source type=\"audio\/mpeg\" src=\"https:\/\/anchor.fm\/s\/42ab62c8\/podcast\/play\/94159669\/https%3A%2F%2Fd3ctxlq1ktw2nl.cloudfront.net%2Fstaging%2F2024-10-8%2F843683f4-0681-8d8e-2ef6-2fdbadc43bc9.mp3?_=1\" \/><a href=\"https:\/\/anchor.fm\/s\/42ab62c8\/podcast\/play\/94159669\/https%3A%2F%2Fd3ctxlq1ktw2nl.cloudfront.net%2Fstaging%2F2024-10-8%2F843683f4-0681-8d8e-2ef6-2fdbadc43bc9.mp3\">https:\/\/anchor.fm\/s\/42ab62c8\/podcast\/play\/94159669\/https%3A%2F%2Fd3ctxlq1ktw2nl.cloudfront.net%2Fstaging%2F2024-10-8%2F843683f4-0681-8d8e-2ef6-2fdbadc43bc9.mp3<\/a><\/audio>\n<p>Im Zeitalter von Social Media zeigt jeder gerne schnell mit dem Finger auf den anderen, wenn es um Tierschutz geht. Aber am besten kehrt man als Profi- wie auch Freizeit-reiterin erst einmal vor seiner eigenen Stallt\u00fcre: F\u00fcttere ich mein Pferd zu viel oder zu wenig und das Richtige? Spare ich auf Kosten meines Vierbeiners bei der Haltung? Gymnastiziere ich mein Pferd regelm\u00e4\u00dfig oder \u00fcberfordere ich es am Wochenende mit vielst\u00fcndigen Ausritten? <\/p>\n<p>Passen Zaum, Sattel und Satteldecke? Ist gebisslos reiten wirklich so tierfreundlich wenn ich durch die falsche Anwendung eines Bosals viel Druck auf die Pferdenase gebe? Ist mein Pferd wirklich f\u00fcr Working Equitation fit oder hierf\u00fcr \u00fcberhaupt die geeignete Pferderasse? Sollte ich meinem Kind wirklich ein Pferd kaufen, wenn ich selbst keine Ahnung von Pferden habe?<\/p>\n<p>Wie kann die Pferdehaltung und Ausbildung m\u00f6glichst tierschutz-gerecht erfolgen? Wirkt die Turnier-Verordnung<br \/>\ngenug bei tierschutz-relevanten Verst\u00f6\u00dfen? Gehe ich mit meinem Pferde-Pensionisten pferdegerecht um? <\/p>\n<p>Braucht es also mehr Tierschutz-Gesetze und Regeln oder reicht der gesunde Hausverstand? Kann man Freizeitreiterinnen \u00fcberhaupt regulieren?<\/p>\n<p>All das und mehr diskutieren in der aktuellen AUF TRAB-Podcastfolge die auf Pferderecht spezialisierte Rechtsanw\u00e4ltin Nina Ollinger mit Wolfgang Rust, staatlich gepr\u00fcfter und lizensierter Reitlehrer, Mental-Coach, beeideter und gerichtlich zertifizierter Sachverst\u00e4ndiger, Richter, Begr\u00fcnder der Online-Riding Academy by Wolfgang Rust.<\/p>\n<p>Noch tiefer in den Tierschutz taucht der <a href=\"https:\/\/www.fachkongress-pferd.at\/\" target=\"_blank\" rel=\"ugc noopener noreferrer\">Fachkongress Pferd <\/a>2024 mit hochkar\u00e4tigen Referenten am 30.11.2024 vor den Toren Wiens in Purkersdorf <\/p>\n<p>Viel H\u00f6rvergn\u00fcgen w\u00fcnschen Julia und die Welshies, die sich sehr freuen, wenn ihr AUF TRAB liked, kommentiert, abonniert und\/oder weiter empfiehlt, vor allem h\u00f6rt.<\/p>\n<p>Musik- und Soundrechte: \u2060\u2060\u2060\u2060\u2060\u2060\u2060\u2060\u2060\u2060\u2060\u2060\u2060\u2060\u2060\u2060\u2060\u2060\u2060\u2060\u2060https:\/\/auftrab.eu\/index.php\/musik-und-soundrechte\/<\/p>\n<p>\u2060\u2060\u2060\u2060\u2060\u2060\u2060\u2060\u2060\u2060\u2060\u2060\u2060\u2060\u2060\u2060\u2060\u2060\u2060\u2060\u2060#Pferde #Tierschutz #Reitausbildung #Pferdehaltung #reiten #Podcast <\/p>\n<p>Foto: Wolfgang Rust , Nina Ollinger<\/p>\n","protected":false},"excerpt":{"rendered":"<p>Im Zeitalter von Social Media zeigt jeder gerne schnell mit dem Finger auf den anderen, wenn es um Tierschutz geht. Aber am besten kehrt man als Profi- wie auch Freizeit-reiterin erst einmal vor seiner eigenen Stallt\u00fcre: F\u00fcttere ich mein Pferd zu viel oder zu wenig und das Richtige? Spare ich auf Kosten meines Vierbeiners bei [&hellip;]<\/p>\n","protected":false},"author":1,"featured_media":991,"comment_status":"","ping_status":"","sticky":false,"template":"","format":"standard","meta":{"footnotes":""},"categories":[1],"tags":[],"class_list":["post-990","post","type-post","status-publish","format-standard","has-post-thumbnail","hentry","category-allgemein","has-thumbnail"],"_links":{"self":[{"href":"https:\/\/auftrab.eu\/index.php\/wp-json\/wp\/v2\/posts\/990","targetHints":{"allow":["GET"]}}],"collection":[{"href":"https:\/\/auftrab.eu\/index.php\/wp-json\/wp\/v2\/posts"}],"about":[{"href":"https:\/\/auftrab.eu\/index.php\/wp-json\/wp\/v2\/types\/post"}],"author":[{"embeddable":true,"href":"https:\/\/auftrab.eu\/index.php\/wp-json\/wp\/v2\/users\/1"}],"replies":[{"embeddable":true,"href":"https:\/\/auftrab.eu\/index.php\/wp-json\/wp\/v2\/comments?post=990"}],"version-history":[{"count":0,"href":"https:\/\/auftrab.eu\/index.php\/wp-json\/wp\/v2\/posts\/990\/revisions"}],"wp:featuredmedia":[{"embeddable":true,"href":"https:\/\/auftrab.eu\/index.php\/wp-json\/wp\/v2\/media\/991"}],"wp:attachment":[{"href":"https:\/\/auftrab.eu\/index.php\/wp-json\/wp\/v2\/media?parent=990"}],"wp:term":[{"taxonomy":"category","embeddable":true,"href":"https:\/\/auftrab.eu\/index.php\/wp-json\/wp\/v2\/categories?post=990"},{"taxonomy":"post_tag","embeddable":true,"href":"https:\/\/auftrab.eu\/index.php\/wp-json\/wp\/v2\/tags?post=990"}],"curies":[{"name":"wp","href":"https:\/\/api.w.org\/{rel}","templated":true}]}}