{"id":992,"date":"2024-11-15T23:37:45","date_gmt":"2024-11-15T22:37:45","guid":{"rendered":"https:\/\/auftrab.eu\/index.php\/2024\/11\/15\/das-pferd-als-mentalcoach-trauer-und-lebensbegleiter\/"},"modified":"2024-11-15T23:37:45","modified_gmt":"2024-11-15T22:37:45","slug":"das-pferd-als-mentalcoach-trauer-und-lebensbegleiter","status":"publish","type":"post","link":"https:\/\/auftrab.eu\/index.php\/2024\/11\/15\/das-pferd-als-mentalcoach-trauer-und-lebensbegleiter\/","title":{"rendered":"Das Pferd als Mentalcoach, Trauer- und Lebensbegleiter."},"content":{"rendered":"<audio class=\"wp-audio-shortcode\" id=\"audio-992-1\" preload=\"none\" style=\"width: 100%;\" controls=\"controls\"><source type=\"audio\/mpeg\" src=\"https:\/\/anchor.fm\/s\/42ab62c8\/podcast\/play\/94486012\/https%3A%2F%2Fd3ctxlq1ktw2nl.cloudfront.net%2Fstaging%2F2024-10-15%2Fb58bcd56-5745-4c5f-9ebf-ee3d000f8099.mp3?_=1\" \/><a href=\"https:\/\/anchor.fm\/s\/42ab62c8\/podcast\/play\/94486012\/https%3A%2F%2Fd3ctxlq1ktw2nl.cloudfront.net%2Fstaging%2F2024-10-15%2Fb58bcd56-5745-4c5f-9ebf-ee3d000f8099.mp3\">https:\/\/anchor.fm\/s\/42ab62c8\/podcast\/play\/94486012\/https%3A%2F%2Fd3ctxlq1ktw2nl.cloudfront.net%2Fstaging%2F2024-10-15%2Fb58bcd56-5745-4c5f-9ebf-ee3d000f8099.mp3<\/a><\/audio>\n<p>Wer kennt das nicht: man ist aus welchem Grund auch immer aufgew\u00fchlt. Versteht die Welt nicht mehr. Sieht als den einzigen Ausweg den Weg in den Stall oder zur Koppel. Aus gutem Grund: \u201eDein Pferd \u2013 Spiegel Deiner Seele\u201c, wie es Ina Ruschinski in der AUF TRAB-Podcastfolge vom M\u00e4rz 2024 so sch\u00f6n formulierte. Dem Spiegel gegen\u00fcber kannst und brauchst Du Dich nicht verstellen.<br \/>Genau das macht sich der @Sterntalerhof zu Nutze, das einzige Kinderhospiz in \u00d6sterreich, das erkrankten Kindern,<br \/>\nihren Geschwistern und Eltern unbeschwerte Tage in ihren schwersten Stunden schenkt. \u201eDie Familien genie\u00dfen es, sich von unseren Pferden einfach tragen lassen zu d\u00fcrfen. Dass sie bei uns auch ihre Wut und ihren Zorn dar\u00fcber loswerden k\u00f6nnen, warum es ausgerechnet ihnen passiert.\u201c Daf\u00fcr hat der Sterntalerhof nicht nur eigens ausgebildete zweibeinige, sondern auch vierbeinige Therapeuten unterschiedlichen<br \/>\nCharakters. Vom Faserschmeichler \u00fcber den Seelentr\u00f6ster bis zum Aufstampfer, der Mitgef\u00fchl und Verst\u00e4ndnis zeigt, wenn die G\u00e4ste auch einmal ein Ventil brauchen. <br \/>\u201eEs wird bei uns am Sterntalerhof aber nicht nur getrauert, sondern auch sehr viel gelacht\u201c, betont Psychologin und Reittherapeutin Christina Heissenberger. Sie berichtet von einem Erlebnis mit einem schwerkranken Kind, dass auf einem als Einhorn  verkleideten Pferd mit Zauberm\u00fctze und Zauberstab mit gl\u00e4nzenden Augen  sa\u00df und die gestellten Aufgaben bew\u00e4ltigte und damit auch die Geschwister und<br \/>\n Eltern zum Strahlen brachte.<\/p>\n<p> \u201eWir haben gemeinsam mit dem Einhorn einen  Spaziergang durch den Wald gemacht. Es tat uns allen so gut, auch mir, vor allem die R\u00fcckmeldung der Eltern&#8220;, erz\u00e4hlt Christina, \u201esie h\u00e4tten nie gedacht, dass ihr  Kind in einer Woche so gest\u00e4rkt nd wieder so sicher ist und durch  das Pferd wieder Vertrauen in das Leben findet&#8220;, erz\u00e4hlt Christina.<br \/>Eine sehr ber\u00fchrende AUF-TRAB-Podcastfolge, zu wir euch vie H\u00f6rvergn\u00fcgen w\u00fcnschen Julia &amp; die Welshies.<\/p>\n<p>Hier geht es direkt zum <a href=\"www.sterntalerhof.at\" target=\"_blank\" rel=\"ugc noopener noreferrer\">Sterntalerhof<\/a> , der sich \u00fcber Eure Spenden und Beitr\u00e4ge freuen w\u00fcrde.<\/p>\n<p>Wir w\u00fcrden uns gl\u00fccklich sch\u00e4tzen, wenn ihr AUF TRAB liked, kommentiert, abonniert und\/oder weiter empfiehlt, vor allem h\u00f6rt.<\/p>\n<\/p>\n<p>Musik- und Soundrechte: \u2060\u2060\u2060\u2060\u2060\u2060\u2060\u2060\u2060\u2060\u2060\u2060\u2060\u2060\u2060\u2060\u2060\u2060\u2060\u2060\u2060https:\/\/auftrab.eu\/index.php\/musik-und-soundrechte\/<\/p>\n<p>\u2060\u2060\u2060\u2060\u2060\u2060\u2060\u2060\u2060\u2060\u2060\u2060\u2060\u2060\u2060\u2060\u2060\u2060\u2060\u2060\u2060#Pferde #Trauerbegleitung #Lebensbegleitung #Kinderhospiz #reiten #Podcast <\/p>\n<p>Fotos: Sterntalerhof<\/p>\n<p><a href=\"www.sterntalerhof.at\" target=\"_blank\" rel=\"ugc noopener noreferrer\"><br \/><\/a><\/p>\n","protected":false},"excerpt":{"rendered":"<p>Wer kennt das nicht: man ist aus welchem Grund auch immer aufgew\u00fchlt. Versteht die Welt nicht mehr. Sieht als den einzigen Ausweg den Weg in den Stall oder zur Koppel. Aus gutem Grund: \u201eDein Pferd \u2013 Spiegel Deiner Seele\u201c, wie es Ina Ruschinski in der AUF TRAB-Podcastfolge vom M\u00e4rz 2024 so sch\u00f6n formulierte. Dem Spiegel [&hellip;]<\/p>\n","protected":false},"author":1,"featured_media":993,"comment_status":"","ping_status":"","sticky":false,"template":"","format":"standard","meta":{"footnotes":""},"categories":[1],"tags":[],"class_list":["post-992","post","type-post","status-publish","format-standard","has-post-thumbnail","hentry","category-allgemein","has-thumbnail"],"_links":{"self":[{"href":"https:\/\/auftrab.eu\/index.php\/wp-json\/wp\/v2\/posts\/992","targetHints":{"allow":["GET"]}}],"collection":[{"href":"https:\/\/auftrab.eu\/index.php\/wp-json\/wp\/v2\/posts"}],"about":[{"href":"https:\/\/auftrab.eu\/index.php\/wp-json\/wp\/v2\/types\/post"}],"author":[{"embeddable":true,"href":"https:\/\/auftrab.eu\/index.php\/wp-json\/wp\/v2\/users\/1"}],"replies":[{"embeddable":true,"href":"https:\/\/auftrab.eu\/index.php\/wp-json\/wp\/v2\/comments?post=992"}],"version-history":[{"count":0,"href":"https:\/\/auftrab.eu\/index.php\/wp-json\/wp\/v2\/posts\/992\/revisions"}],"wp:featuredmedia":[{"embeddable":true,"href":"https:\/\/auftrab.eu\/index.php\/wp-json\/wp\/v2\/media\/993"}],"wp:attachment":[{"href":"https:\/\/auftrab.eu\/index.php\/wp-json\/wp\/v2\/media?parent=992"}],"wp:term":[{"taxonomy":"category","embeddable":true,"href":"https:\/\/auftrab.eu\/index.php\/wp-json\/wp\/v2\/categories?post=992"},{"taxonomy":"post_tag","embeddable":true,"href":"https:\/\/auftrab.eu\/index.php\/wp-json\/wp\/v2\/tags?post=992"}],"curies":[{"name":"wp","href":"https:\/\/api.w.org\/{rel}","templated":true}]}}